{"id":44456,"date":"2019-07-04T03:47:44","date_gmt":"2019-07-04T07:47:44","guid":{"rendered":"https:\/\/linitiative.ca\/International\/curiosites-des-decrets-presidentiels-du-19-juin-2019-sur-les-entites-publiques\/"},"modified":"2019-07-04T03:47:44","modified_gmt":"2019-07-04T07:47:44","slug":"curiosites-des-decrets-presidentiels-du-19-juin-2019-sur-les-entites-publiques","status":"publish","type":"post","link":"https:\/\/linitiative.ca\/International\/curiosites-des-decrets-presidentiels-du-19-juin-2019-sur-les-entites-publiques\/","title":{"rendered":"Curiosit\u00e9s des d\u00e9crets pr\u00e9sidentiels du 19 juin 2019 sur les entit\u00e9s publiques"},"content":{"rendered":"<div class=\"featured-area featured-area-inner\"><img loading=\"lazy\" decoding=\"async\" width=\"780\" height=\"405\" src=\"https:\/\/i1.wp.com\/ecomatin.net\/wp-content\/uploads\/2019\/06\/ecomatin.net-loi-de-finances-2019-pourquoi-le-budget-de-letat-a-augmente-a-5212-milliards-de-fcfa-yaounde-3.jpg?resize=780%2C405&#038;ssl=1&#038;is-pending-load=1\" class=\"attachment-jannah-image-post size-jannah-image-post wp-post-image jetpack-lazy-image\" alt=\"\" data-attachment-id=\"8745\" data-permalink=\"https:\/\/ecomatin.net\/loi-de-finances-2019-pourquoi-le-budget-de-letat-a-augmente-a-5212-milliards-de-fcfa\/yaounde-3-8\/\" data-orig-file=\"https:\/\/i1.wp.com\/ecomatin.net\/wp-content\/uploads\/2019\/06\/ecomatin.net-loi-de-finances-2019-pourquoi-le-budget-de-letat-a-augmente-a-5212-milliards-de-fcfa-yaounde-3.jpg?fit=780%2C440&#038;ssl=1\" data-orig-size=\"780,440\" data-comments-opened=\"0\" data-image-meta=\"{\"aperture\":\"0\",\"credit\":\"\",\"camera\":\"\",\"caption\":\"\",\"created_timestamp\":\"0\",\"copyright\":\"\",\"focal_length\":\"0\",\"iso\":\"0\",\"shutter_speed\":\"0\",\"title\":\"\",\"orientation\":\"0\"}\" data-image-title=\"Yaound\u00e9 3\" data-image-description=\"\" data-medium-file=\"https:\/\/i1.wp.com\/ecomatin.net\/wp-content\/uploads\/2019\/06\/ecomatin.net-loi-de-finances-2019-pourquoi-le-budget-de-letat-a-augmente-a-5212-milliards-de-fcfa-yaounde-3.jpg?fit=300%2C169&#038;ssl=1\" data-large-file=\"https:\/\/i1.wp.com\/ecomatin.net\/wp-content\/uploads\/2019\/06\/ecomatin.net-loi-de-finances-2019-pourquoi-le-budget-de-letat-a-augmente-a-5212-milliards-de-fcfa-yaounde-3.jpg?fit=780%2C440&#038;ssl=1\" srcset=\"data:image\/gif;base64,R0lGODlhAQABAIAAAAAAAP\/\/\/yH5BAEAAAAALAAAAAABAAEAAAIBRAA7\"\/><\/div>\n<div class=\"entry-content entry clearfix\" readability=\"59\">\n<p class=\"yiv1495071466msonormal c3\"><span class=\"c2\">Le chef de l\u2019\u00c9tat a sign\u00e9 trois d\u00e9crets le 19 juin 2019 pour pr\u00e9ciser les modalit\u00e9s d\u2019application de certaines dispositions des lois <strong>n\u00b0 2017\/010 et 2017\/011 du 12 juillet 2017<\/strong> portant statut g\u00e9n\u00e9ral des \u00e9tablissements publics et des entreprises publiques. Ces textes ont l\u2019ambition de garantir la performance des \u00e9tablissements publics, la comp\u00e9titivit\u00e9 et la rentabilit\u00e9 des entreprises publiques. L\u2019id\u00e9e est \u00e9galement d\u2019arrimer les entreprises \u00e9tatiques aux fonctionnements des entreprises priv\u00e9s. Selon les explications du Pr\u00a0<strong>Viviane Ondoua<\/strong>\u00a0<strong>Biwole<\/strong>, experte en management, c\u2019est la privatisation d\u2019une partie de l\u2019administration publique qui est engag\u00e9e. Cet engagement invite \u00e0 plus d\u2019efficience et \u00e0 une plus grande qualit\u00e9 de la d\u00e9pense publique. D\u00e9sormais, les dirigeants seront r\u00e9mun\u00e9r\u00e9s par rapport au chiffre d\u2019affaires moyen des trois ann\u00e9es pr\u00e9c\u00e9dentes.<\/span><\/p>\n<p class=\"yiv1495071466msonormal c4\"><span class=\"c2\">Cependant, \u00e0 la lecture attentive des\u00a0<strong>03 d\u00e9crets<\/strong>, il en ressort plusieurs curiosit\u00e9s sur le d\u00e9doublement de fonction entre le ministre de tutelle et\u00a0<strong>PCA<\/strong>.\u00a0<em>\u00ab\u00a0Cette situation suscite d\u2019autres d\u00e9bats non tranch\u00e9s dans le dispositif actuel (d\u00e9cret) : doit-on \u00eatre PCA de plus d\u2019un conseil d\u2019administration et en m\u00eame temps membre d\u2019autres conseils d\u2019administration\u2009? Nous connaissons des cas de hauts responsables qui sont PCA de deux entreprises, membres du conseil d\u2019administration d\u2019une entreprise en plus de ses hautes charges administratives quotidiennes. Peut-on \u00eatre efficacement ministre et PCA d\u2019une entreprise publique\u2009?\u00a0\u00bb,\u00a0<\/em>s\u2019interroge l\u2019experte en management. Elle fait savoir que la question est pr\u00e9occupante quand on se souvient des responsabilit\u00e9s des PCA en ce qui concerne le contr\u00f4le de performance de l\u2019entreprise, la mise en place et le suivi des outils de gouvernance de l\u2019entreprise et de ses responsabilit\u00e9s au sein du conseil comme autorit\u00e9 des march\u00e9s. Pour cette derni\u00e8re responsabilit\u00e9, le r\u00e9cent d\u00e9cret sur le code des march\u00e9s reconnait au PCA des responsabilit\u00e9s individuelles en plus de celles du conseil. \u00ab<em>\u00a0Il est alors difficile de croire que ces ministres doubl\u00e9s de PCA seront efficaces en m\u00eame temps comme PCA et comme ministre. C\u2019est ma modeste conviction\u2009! Sauf \u00e0 vouloir me convaincre qu\u2019\u00eatre ministre n\u2019est pas une fonction \u00e0 temps plein. On pourrait encore restreindre au cas des ministres d\u00e9l\u00e9gu\u00e9s ou aux secr\u00e9taires d\u2019\u00c9tat<\/em>\u00a0\u00bb, confie\u00a0Viviane Ondoua Biwole.<\/span><\/p>\n<p class=\"yiv1495071466msonormal c4\"><span class=\"c2\">Quoi qu\u2019il en soit, ces textes pr\u00e9sentent de bonnes intentions pour rendre comp\u00e9titives les soci\u00e9t\u00e9s d\u2019Etat. N\u00e9anmoins, les observateurs se permettent de garder une certaine relativit\u00e9 quant \u00e0 l\u2019application desdits textes par les dirigeants concern\u00e9s.\u00a0<em>\u00ab\u00a0 Les habitudes ant\u00e9rieures\u00a0\u00a0entretiennent l\u00e9gitimement des r\u00e9serves. Ces habitudes qui malheureusement tendaient \u00e0 violer les textes (lois et d\u00e9crets) sans \u00eatre punis. C\u2019est sans doute l\u2019occasion de savoir quelles sont les responsabilit\u00e9s civiles et p\u00e9nales qui devraient \u00eatre appliqu\u00e9es \u00e0 ces contrevenants du pass\u00e9. La r\u00e9ponse \u00e0 cette pr\u00e9occupation garantit sans doute le respect de ce nouveau dispositif. Toujours est-il que ces dispositions (sanctions) existent et sont contenues pour certaines dans le code p\u00e9nal. Donc chacun sait ce qu\u2019il doit assumer devant la R\u00e9publique\u00a0\u00bb,<\/em>\u00a0a conclu\u00a0Viviane Ondoua Biwole.<\/span><\/p>\n<div class=\"about-author about-author-box container-wrapper\">\n<div class=\"author-avatar\">\n<p><img decoding=\"async\" src=\"http:\/\/\" alt=\"\"\/><\/p>\n<\/div>\n<p><h4>La R\u00e9daction EcoMatin<\/h4>\n<\/p>\n<\/div>\n<div class=\"awac-wrapper awac widget blog_subscription-2\">\n<h4 class=\"widget-title\">Abonnez-vous \u00e0 notre lettre d&rsquo;information<\/h4>\n<\/div>\n<\/div>\n<div class=\"toggle-post-content clearfix\"><a id=\"toggle-post-button\" class=\"button\" href=\"#\">Afficher plus <\/a><\/div>\n<p>Auteur: EcoMatin<br \/>\n<a href=\"https:\/\/ecomatin.net\/curiosites-des-decrets-presidentiels-du-19-juin-2019-sur-les-entites-publiques\/\">Cliquez ici pour lire l&rsquo;article depuis sa source.<\/a><\/p>\n","protected":false},"excerpt":{"rendered":"<p>Le chef de l\u2019\u00c9tat a sign\u00e9 trois d\u00e9crets le 19 juin 2019 pour pr\u00e9ciser les modalit\u00e9s d\u2019application de certaines dispositions des lois n\u00b0 2017\/010 et 2017\/011 du 12 juillet 2017 portant statut g\u00e9n\u00e9ral des \u00e9tablissements publics et des entreprises publiques. Ces textes ont l\u2019ambition de garantir la performance des \u00e9tablissements publics, la comp\u00e9titivit\u00e9 et la [&hellip;]<\/p>\n","protected":false},"author":1969,"featured_media":0,"comment_status":"closed","ping_status":"closed","sticky":false,"template":"","format":"standard","meta":{"fifu_image_url":"","fifu_image_alt":"","footnotes":""},"categories":[82,78],"tags":[],"class_list":["post-44456","post","type-post","status-publish","format-standard","hentry","category-cameroun","category-economie"],"_links":{"self":[{"href":"https:\/\/linitiative.ca\/International\/wp-json\/wp\/v2\/posts\/44456","targetHints":{"allow":["GET"]}}],"collection":[{"href":"https:\/\/linitiative.ca\/International\/wp-json\/wp\/v2\/posts"}],"about":[{"href":"https:\/\/linitiative.ca\/International\/wp-json\/wp\/v2\/types\/post"}],"author":[{"embeddable":true,"href":"https:\/\/linitiative.ca\/International\/wp-json\/wp\/v2\/users\/1969"}],"replies":[{"embeddable":true,"href":"https:\/\/linitiative.ca\/International\/wp-json\/wp\/v2\/comments?post=44456"}],"version-history":[{"count":0,"href":"https:\/\/linitiative.ca\/International\/wp-json\/wp\/v2\/posts\/44456\/revisions"}],"wp:attachment":[{"href":"https:\/\/linitiative.ca\/International\/wp-json\/wp\/v2\/media?parent=44456"}],"wp:term":[{"taxonomy":"category","embeddable":true,"href":"https:\/\/linitiative.ca\/International\/wp-json\/wp\/v2\/categories?post=44456"},{"taxonomy":"post_tag","embeddable":true,"href":"https:\/\/linitiative.ca\/International\/wp-json\/wp\/v2\/tags?post=44456"}],"curies":[{"name":"wp","href":"https:\/\/api.w.org\/{rel}","templated":true}]}}