{"id":44457,"date":"2019-07-04T04:04:06","date_gmt":"2019-07-04T08:04:06","guid":{"rendered":"https:\/\/linitiative.ca\/International\/devises-la-cedeao-envisage-se-separer-du-fcfa-en-2020\/"},"modified":"2019-07-04T04:04:06","modified_gmt":"2019-07-04T08:04:06","slug":"devises-la-cedeao-envisage-se-separer-du-fcfa-en-2020","status":"publish","type":"post","link":"https:\/\/linitiative.ca\/International\/devises-la-cedeao-envisage-se-separer-du-fcfa-en-2020\/","title":{"rendered":"Devises : la CEDEAO envisage se s\u00e9parer du FCFA en 2020"},"content":{"rendered":"<div class=\"featured-area featured-area-inner\"><img loading=\"lazy\" decoding=\"async\" width=\"780\" height=\"405\" src=\"https:\/\/i1.wp.com\/ecomatin.net\/wp-content\/uploads\/2019\/07\/ecomatin.net-devises-la-cedeao-envisage-se-separer-du-fcfa-en-2020-cedeao.jpg?resize=780%2C405&#038;ssl=1&#038;is-pending-load=1\" class=\"attachment-jannah-image-post size-jannah-image-post wp-post-image jetpack-lazy-image\" alt=\"\" data-attachment-id=\"9535\" data-permalink=\"https:\/\/ecomatin.net\/devises-la-cedeao-envisage-se-separer-du-fcfa-en-2020\/cedeao\/\" data-orig-file=\"https:\/\/i1.wp.com\/ecomatin.net\/wp-content\/uploads\/2019\/07\/ecomatin.net-devises-la-cedeao-envisage-se-separer-du-fcfa-en-2020-cedeao.jpg?fit=1024%2C578&#038;ssl=1\" data-orig-size=\"1024,578\" data-comments-opened=\"0\" data-image-meta=\"{\"aperture\":\"0\",\"credit\":\"\",\"camera\":\"\",\"caption\":\"\",\"created_timestamp\":\"0\",\"copyright\":\"\",\"focal_length\":\"0\",\"iso\":\"0\",\"shutter_speed\":\"0\",\"title\":\"\",\"orientation\":\"0\"}\" data-image-title=\"CEDEAO\" data-image-description=\"\" data-medium-file=\"https:\/\/i1.wp.com\/ecomatin.net\/wp-content\/uploads\/2019\/07\/ecomatin.net-devises-la-cedeao-envisage-se-separer-du-fcfa-en-2020-cedeao.jpg?fit=300%2C169&#038;ssl=1\" data-large-file=\"https:\/\/i1.wp.com\/ecomatin.net\/wp-content\/uploads\/2019\/07\/ecomatin.net-devises-la-cedeao-envisage-se-separer-du-fcfa-en-2020-cedeao.jpg?fit=1024%2C578&#038;ssl=1\" srcset=\"data:image\/gif;base64,R0lGODlhAQABAIAAAAAAAP\/\/\/yH5BAEAAAAALAAAAAABAAEAAAIBRAA7\"\/><\/div>\n<div class=\"entry-content entry clearfix\" readability=\"63\">\n<p class=\"yiv3761471540ydp41475161msonormal c3\"><span class=\"c2\">Le sommet de la\u00a0<strong>Communaut\u00e9 \u00e9conomique des Etats de l\u2019Afrique de<\/strong>\u00a0<strong>l\u2019Ouest<\/strong> (C\u00e9d\u00e9ao) qui s\u2019est tenu samedi 29 juin \u00e0 Abuja, au Nigeria, a \u00e9t\u00e9 l\u2019occasion de faire le point sur l\u2019\u00ab <strong>Eco<\/strong> \u00bb, la monnaie unique que les quinze pays de ce bloc r\u00e9gional projettent de lancer en 2020. Les obstacles sont en effet nombreux. Pour ce faire, huit pays devront en effet abandonner le <strong>franc CFA<\/strong> et sept autres leur monnaie nationale. Dans son communiqu\u00e9 final, le sommet \u00ab <em>r\u00e9affirme l\u2019approche gradu\u00e9e (pour l\u2019adoption) de la monnaie unique en commen\u00e7ant par les pays qui atteignent les crit\u00e8res de convergence<\/em>\u2009\u00bb.\u00a0<\/span><\/p>\n<p class=\"yiv3761471540ydp41475161msonormal c4\"><span class=\"c2\">Parmi ceux-ci, les principaux sont la cr\u00e9ation de r\u00e9serves de change couvrant au moins trois mois d\u2019importations\u2009; un d\u00e9ficit budg\u00e9taire inf\u00e9rieur \u00e0 <strong>3 %<\/strong> du PIB\u2009ou encore une inflation inf\u00e9rieure \u00e0 <strong>10 %<\/strong>. Concr\u00e9tisation du r\u00eave des panafricanistes partisans de l\u2019abandon du franc CFA, l\u2019adoption de la future monnaie unique ouest-africaine devra cependant faire face \u00e0 de nombreux obstacles. Selon le document issu de la r\u00e9union de mi-juin \u00e0 Abidjan, le mod\u00e8le de la future banque centrale devrait \u00eatre f\u00e9d\u00e9ral et le r\u00e9gime de change retenu sera flexible, avec un ciblage de l\u2019inflation globale comme cadre de politique mon\u00e9taire. Par ailleurs, les pays ont jusqu\u2019au 29 octobre pour transmettre \u00e0 la Commission de la\u00a0<strong>Cedeao<\/strong>\u00a0leurs programmes pluriannuels de convergence pour la p\u00e9riode 2020-2024.<\/span><\/p>\n<p class=\"yiv3761471540ydp41475161msonormal c4\"><span class=\"c2\">Certains experts doutent pourtant de la capacit\u00e9 des \u00c9tats \u00e0 respecter ces crit\u00e8res de convergence. Selon certains analystes, la cr\u00e9ation d\u2019une monnaie unique appara\u00eet comme pr\u00e9matur\u00e9e et aurait des cons\u00e9quences incertaines. \u00ab<em>\u2009Ce serait se lancer dans le vide<\/em>\u2009\u00bb, consid\u00e8re ainsi\u00a0<strong>Ndongo Samba Sylla<\/strong>, \u00e9conomiste \u00e0 Dakar au sein de la fondation Rosa Luxembourg. De son c\u00f4t\u00e9,<strong>Abdourahmane Sarr,<\/strong>\u00a0ancien expert mon\u00e9taire au Fonds mon\u00e9taire international, estime pour sa part qu\u2019il \u00ab\u2009<em>s\u2019agit d\u2019un choix politique<\/em>\u2009\u00bb avec \u00ab<em>\u2009les cons\u00e9quences \u00e0 subir par les g\u00e9n\u00e9rations future\u2009<\/em>\u00bb. \u00ab <em>La feuille de route sera suivie. La convergence d\u00e9pend des efforts que fera chaque pays pour respecter les crit\u00e8res. C\u2019est un aspect essentiel et fondamental<\/em> \u00bb, avait pour sa part assur\u00e9 <strong>Jean-Claude Brou<\/strong>, le pr\u00e9sident de la Commission de la Cedeao.<\/span><\/p>\n<div class=\"about-author about-author-box container-wrapper\">\n<div class=\"author-avatar\">\n<p><img decoding=\"async\" src=\"http:\/\/\" alt=\"\"\/><\/p>\n<\/div>\n<p><h4>La R\u00e9daction EcoMatin<\/h4>\n<\/p>\n<\/div>\n<div class=\"awac-wrapper awac widget blog_subscription-2\">\n<h4 class=\"widget-title\">Abonnez-vous \u00e0 notre lettre d&rsquo;information<\/h4>\n<\/div>\n<\/div>\n<div class=\"toggle-post-content clearfix\"><a id=\"toggle-post-button\" class=\"button\" href=\"#\">Afficher plus <\/a><\/div>\n<p>Auteur: EcoMatin<br \/>\n<a href=\"https:\/\/ecomatin.net\/devises-la-cedeao-envisage-se-separer-du-fcfa-en-2020\/\">Cliquez ici pour lire l&rsquo;article depuis sa source.<\/a><\/p>\n","protected":false},"excerpt":{"rendered":"<p>Le sommet de la\u00a0Communaut\u00e9 \u00e9conomique des Etats de l\u2019Afrique de\u00a0l\u2019Ouest (C\u00e9d\u00e9ao) qui s\u2019est tenu samedi 29 juin \u00e0 Abuja, au Nigeria, a \u00e9t\u00e9 l\u2019occasion de faire le point sur l\u2019\u00ab Eco \u00bb, la monnaie unique que les quinze pays de ce bloc r\u00e9gional projettent de lancer en 2020. Les obstacles sont en effet nombreux. Pour [&hellip;]<\/p>\n","protected":false},"author":1969,"featured_media":0,"comment_status":"closed","ping_status":"closed","sticky":false,"template":"","format":"standard","meta":{"fifu_image_url":"","fifu_image_alt":"","footnotes":""},"categories":[82,78],"tags":[],"class_list":["post-44457","post","type-post","status-publish","format-standard","hentry","category-cameroun","category-economie"],"_links":{"self":[{"href":"https:\/\/linitiative.ca\/International\/wp-json\/wp\/v2\/posts\/44457","targetHints":{"allow":["GET"]}}],"collection":[{"href":"https:\/\/linitiative.ca\/International\/wp-json\/wp\/v2\/posts"}],"about":[{"href":"https:\/\/linitiative.ca\/International\/wp-json\/wp\/v2\/types\/post"}],"author":[{"embeddable":true,"href":"https:\/\/linitiative.ca\/International\/wp-json\/wp\/v2\/users\/1969"}],"replies":[{"embeddable":true,"href":"https:\/\/linitiative.ca\/International\/wp-json\/wp\/v2\/comments?post=44457"}],"version-history":[{"count":0,"href":"https:\/\/linitiative.ca\/International\/wp-json\/wp\/v2\/posts\/44457\/revisions"}],"wp:attachment":[{"href":"https:\/\/linitiative.ca\/International\/wp-json\/wp\/v2\/media?parent=44457"}],"wp:term":[{"taxonomy":"category","embeddable":true,"href":"https:\/\/linitiative.ca\/International\/wp-json\/wp\/v2\/categories?post=44457"},{"taxonomy":"post_tag","embeddable":true,"href":"https:\/\/linitiative.ca\/International\/wp-json\/wp\/v2\/tags?post=44457"}],"curies":[{"name":"wp","href":"https:\/\/api.w.org\/{rel}","templated":true}]}}