{"id":44458,"date":"2019-07-04T04:18:57","date_gmt":"2019-07-04T08:18:57","guid":{"rendered":"https:\/\/linitiative.ca\/International\/afrique-centrale-la-bad-choisit-yaounde-pour-installer-son-bureau-regional\/"},"modified":"2019-07-04T04:18:57","modified_gmt":"2019-07-04T08:18:57","slug":"afrique-centrale-la-bad-choisit-yaounde-pour-installer-son-bureau-regional","status":"publish","type":"post","link":"https:\/\/linitiative.ca\/International\/afrique-centrale-la-bad-choisit-yaounde-pour-installer-son-bureau-regional\/","title":{"rendered":"Afrique centrale : la BAD choisit Yaound\u00e9 pour installer son bureau r\u00e9gional"},"content":{"rendered":"<div class=\"featured-area featured-area-inner\"><img loading=\"lazy\" decoding=\"async\" width=\"678\" height=\"381\" src=\"https:\/\/i1.wp.com\/ecomatin.net\/wp-content\/uploads\/2019\/07\/ecomatin.net-afrique-centrale-la-bad-choisit-yaounde-pour-installer-son-bureau-regional-banque-africaine-de-developpement.jpg?resize=678%2C381&#038;ssl=1&#038;is-pending-load=1\" class=\"attachment-jannah-image-post size-jannah-image-post wp-post-image jetpack-lazy-image\" alt=\"\" data-attachment-id=\"9539\" data-permalink=\"https:\/\/ecomatin.net\/afrique-centrale-la-bad-choisit-yaounde-pour-installer-son-bureau-regional\/banque-africaine-de-developpement\/\" data-orig-file=\"https:\/\/i1.wp.com\/ecomatin.net\/wp-content\/uploads\/2019\/07\/ecomatin.net-afrique-centrale-la-bad-choisit-yaounde-pour-installer-son-bureau-regional-banque-africaine-de-developpement.jpg?fit=678%2C381&#038;ssl=1\" data-orig-size=\"678,381\" data-comments-opened=\"0\" data-image-meta=\"{\"aperture\":\"0\",\"credit\":\"\",\"camera\":\"\",\"caption\":\"\",\"created_timestamp\":\"0\",\"copyright\":\"\",\"focal_length\":\"0\",\"iso\":\"0\",\"shutter_speed\":\"0\",\"title\":\"\",\"orientation\":\"0\"}\" data-image-title=\"banque-africaine-de-developpement\" data-image-description=\"\" data-medium-file=\"https:\/\/i1.wp.com\/ecomatin.net\/wp-content\/uploads\/2019\/07\/ecomatin.net-afrique-centrale-la-bad-choisit-yaounde-pour-installer-son-bureau-regional-banque-africaine-de-developpement.jpg?fit=300%2C169&#038;ssl=1\" data-large-file=\"https:\/\/i1.wp.com\/ecomatin.net\/wp-content\/uploads\/2019\/07\/ecomatin.net-afrique-centrale-la-bad-choisit-yaounde-pour-installer-son-bureau-regional-banque-africaine-de-developpement.jpg?fit=678%2C381&#038;ssl=1\" data-lazy-srcset=\"https:\/\/i1.wp.com\/ecomatin.net\/wp-content\/uploads\/2019\/07\/ecomatin.net-afrique-centrale-la-bad-choisit-yaounde-pour-installer-son-bureau-regional-banque-africaine-de-developpement.jpg?w=678&#038;ssl=1 678w, https:\/\/i1.wp.com\/ecomatin.net\/wp-content\/uploads\/2019\/07\/ecomatin.net-afrique-centrale-la-bad-choisit-yaounde-pour-installer-son-bureau-regional-banque-africaine-de-developpement.jpg?resize=300%2C169&#038;ssl=1 300w, https:\/\/i1.wp.com\/ecomatin.net\/wp-content\/uploads\/2019\/07\/ecomatin.net-afrique-centrale-la-bad-choisit-yaounde-pour-installer-son-bureau-regional-banque-africaine-de-developpement.jpg?resize=390%2C220&#038;ssl=1 390w\" data-lazy-sizes=\"(max-width: 678px) 100vw, 678px\" srcset=\"data:image\/gif;base64,R0lGODlhAQABAIAAAAAAAP\/\/\/yH5BAEAAAAALAAAAAABAAEAAAIBRAA7\"\/><\/div>\n<div class=\"entry-content entry clearfix\" readability=\"68\">\n<p class=\"yiv3761471540ydp41475161msonormal c3\"><span class=\"c2\">Le choix du Cameroun s\u2019explique par le fait que ce pays se distingue par \u00ab l<em>a plus grande croissance \u00e9conomique dans la sous-r\u00e9gion<\/em> \u00bb, a indiqu\u00e9\u00a0<strong>Khaled Sherif,<\/strong>\u00a0vice-pr\u00e9sident de la BAD \u00e0 la presse apr\u00e8s avoir \u00e9t\u00e9 re\u00e7u lundi par le Premier ministre camerounais Joseph\u00a0<strong>Dion Ngute<\/strong>\u00a0\u00e0 Yaound\u00e9.<\/span><\/p>\n<p class=\"yiv3761471540ydp41475161msonormal c4\"><span class=\"c2\">\u00ab <em>Le Cameroun sert d\u2019un exemple pour les pays de la sous-r\u00e9gion, notamment en mati\u00e8re d\u2019industrialisation et d\u2019\u00e9lectrification, et partage avec la BAD la m\u00eame vision d\u2019am\u00e9liorer les conditions de vie du peuple africain<\/em> \u00bb, a poursuivi M. Sherif. L\u2019accord de si\u00e8ge a\u00a0donc \u00e9t\u00e9 sign\u00e9 mardi 02 juillet avec le ministre camerounais des Relations ext\u00e9rieures,\u00a0<strong>Lejeune Mbella Mbella.<\/strong><\/span><\/p>\n<p class=\"yiv3761471540ydp41475161msonormal c4\"><span class=\"c2\">\u00ab\u2009<em>Ce nouveau bureau r\u00e9gional contribuera \u00e0 am\u00e9liorer l\u2019efficacit\u00e9 des op\u00e9rations de la banque et \u00e0 approfondir le dialogue entre la Banque et tous les pays d\u2019Afrique centrale\u2009<\/em>\u00bb, indique l\u2019institution financi\u00e8re panafricaine. \u00ab\u2009<em>Le nouveau bureau r\u00e9gional de d\u00e9veloppement, d\u2019int\u00e9gration et de prestation de services pour l\u2019Afrique centrale, \u00e0 l\u2019instar de ceux mis en place en Afrique australe, de l\u2019Est, du Nord et de l\u2019Ouest, a pour objectif de rapprocher davantage la Banque de ses \u00c9tats membres\u2009<\/em>\u00bb, ajoute-t-elle.<\/span><\/p>\n<p class=\"yiv3761471540ydp41475161msonormal c4\"><span class=\"c2\">Notons que la signature de cet accord de si\u00e8ge intervient pr\u00e8s de deux mois apr\u00e8s la validation, par le Conseil d\u2019administration de la BAD, du <strong>Document de strat\u00e9gie d\u2019int\u00e9gration r\u00e9gionale pour l\u2019Afrique centrale<\/strong> (DSIR), approuvant les op\u00e9rations de la banque dans cette r\u00e9gion sur la p\u00e9riode 2019-2025. Le portefeuille de la BAD en Afrique centrale compte plus de <strong>44 projets r\u00e9gionaux<\/strong> actifs d\u2019un montant de pr\u00e8s de <strong>1,1 milliard de dollars<\/strong>, selon le site officiel de la banque.<\/span><\/p>\n<div class=\"about-author about-author-box container-wrapper\">\n<div class=\"author-avatar\">\n<p><img decoding=\"async\" src=\"http:\/\/\" alt=\"\"\/><\/p>\n<\/div>\n<p><h4>La R\u00e9daction EcoMatin<\/h4>\n<\/p>\n<\/div>\n<div class=\"awac-wrapper awac widget blog_subscription-2\">\n<h4 class=\"widget-title\">Abonnez-vous \u00e0 notre lettre d&rsquo;information<\/h4>\n<\/div>\n<\/div>\n<div class=\"toggle-post-content clearfix\"><a id=\"toggle-post-button\" class=\"button\" href=\"#\">Afficher plus <\/a><\/div>\n<p>Auteur: EcoMatin<br \/>\n<a href=\"https:\/\/ecomatin.net\/afrique-centrale-la-bad-choisit-yaounde-pour-installer-son-bureau-regional\/\">Cliquez ici pour lire l&rsquo;article depuis sa source.<\/a><\/p>\n","protected":false},"excerpt":{"rendered":"<p>Le choix du Cameroun s\u2019explique par le fait que ce pays se distingue par \u00ab la plus grande croissance \u00e9conomique dans la sous-r\u00e9gion \u00bb, a indiqu\u00e9\u00a0Khaled Sherif,\u00a0vice-pr\u00e9sident de la BAD \u00e0 la presse apr\u00e8s avoir \u00e9t\u00e9 re\u00e7u lundi par le Premier ministre camerounais Joseph\u00a0Dion Ngute\u00a0\u00e0 Yaound\u00e9. \u00ab Le Cameroun sert d\u2019un exemple pour les pays [&hellip;]<\/p>\n","protected":false},"author":1969,"featured_media":0,"comment_status":"closed","ping_status":"closed","sticky":false,"template":"","format":"standard","meta":{"fifu_image_url":"","fifu_image_alt":"","footnotes":""},"categories":[82,78],"tags":[],"class_list":["post-44458","post","type-post","status-publish","format-standard","hentry","category-cameroun","category-economie"],"_links":{"self":[{"href":"https:\/\/linitiative.ca\/International\/wp-json\/wp\/v2\/posts\/44458","targetHints":{"allow":["GET"]}}],"collection":[{"href":"https:\/\/linitiative.ca\/International\/wp-json\/wp\/v2\/posts"}],"about":[{"href":"https:\/\/linitiative.ca\/International\/wp-json\/wp\/v2\/types\/post"}],"author":[{"embeddable":true,"href":"https:\/\/linitiative.ca\/International\/wp-json\/wp\/v2\/users\/1969"}],"replies":[{"embeddable":true,"href":"https:\/\/linitiative.ca\/International\/wp-json\/wp\/v2\/comments?post=44458"}],"version-history":[{"count":0,"href":"https:\/\/linitiative.ca\/International\/wp-json\/wp\/v2\/posts\/44458\/revisions"}],"wp:attachment":[{"href":"https:\/\/linitiative.ca\/International\/wp-json\/wp\/v2\/media?parent=44458"}],"wp:term":[{"taxonomy":"category","embeddable":true,"href":"https:\/\/linitiative.ca\/International\/wp-json\/wp\/v2\/categories?post=44458"},{"taxonomy":"post_tag","embeddable":true,"href":"https:\/\/linitiative.ca\/International\/wp-json\/wp\/v2\/tags?post=44458"}],"curies":[{"name":"wp","href":"https:\/\/api.w.org\/{rel}","templated":true}]}}