{"id":44461,"date":"2019-07-04T05:53:31","date_gmt":"2019-07-04T09:53:31","guid":{"rendered":"https:\/\/linitiative.ca\/International\/cacao-le-gouvernement-confesse-lechec-du-plan-de-relance-de-la-filiere\/"},"modified":"2019-07-04T05:53:31","modified_gmt":"2019-07-04T09:53:31","slug":"cacao-le-gouvernement-confesse-lechec-du-plan-de-relance-de-la-filiere","status":"publish","type":"post","link":"https:\/\/linitiative.ca\/International\/cacao-le-gouvernement-confesse-lechec-du-plan-de-relance-de-la-filiere\/","title":{"rendered":"Cacao : le gouvernement confesse l\u2019\u00e9chec du plan de relance de la fili\u00e8re"},"content":{"rendered":"<div class=\"featured-area featured-area-inner\"><img loading=\"lazy\" decoding=\"async\" width=\"780\" height=\"405\" src=\"https:\/\/i0.wp.com\/ecomatin.net\/wp-content\/uploads\/2019\/07\/ecomatin.net-cacao-le-gouvernement-confesse-lechec-du-plan-de-relance-de-la-filiere-cacao-ok.jpg?resize=780%2C405&#038;ssl=1&#038;is-pending-load=1\" class=\"attachment-jannah-image-post size-jannah-image-post wp-post-image jetpack-lazy-image\" alt=\"\" data-attachment-id=\"9549\" data-permalink=\"https:\/\/ecomatin.net\/cacao-le-gouvernement-confesse-lechec-du-plan-de-relance-de-la-filiere\/cacao-ok\/\" data-orig-file=\"https:\/\/i0.wp.com\/ecomatin.net\/wp-content\/uploads\/2019\/07\/ecomatin.net-cacao-le-gouvernement-confesse-lechec-du-plan-de-relance-de-la-filiere-cacao-ok.jpg?fit=1800%2C1200&#038;ssl=1\" data-orig-size=\"1800,1200\" data-comments-opened=\"0\" data-image-meta=\"{\"aperture\":\"0\",\"credit\":\"\",\"camera\":\"\",\"caption\":\"\",\"created_timestamp\":\"0\",\"copyright\":\"\",\"focal_length\":\"0\",\"iso\":\"0\",\"shutter_speed\":\"0\",\"title\":\"\",\"orientation\":\"0\"}\" data-image-title=\"Cacao ok\" data-image-description=\"\" data-medium-file=\"https:\/\/i0.wp.com\/ecomatin.net\/wp-content\/uploads\/2019\/07\/ecomatin.net-cacao-le-gouvernement-confesse-lechec-du-plan-de-relance-de-la-filiere-cacao-ok.jpg?fit=300%2C200&#038;ssl=1\" data-large-file=\"https:\/\/i0.wp.com\/ecomatin.net\/wp-content\/uploads\/2019\/07\/ecomatin.net-cacao-le-gouvernement-confesse-lechec-du-plan-de-relance-de-la-filiere-cacao-ok.jpg?fit=1024%2C683&#038;ssl=1\" data-lazy-srcset=\"https:\/\/i0.wp.com\/ecomatin.net\/wp-content\/uploads\/2019\/07\/ecomatin.net-cacao-le-gouvernement-confesse-lechec-du-plan-de-relance-de-la-filiere-cacao-ok.jpg?resize=780%2C405&#038;ssl=1 780w, https:\/\/i0.wp.com\/ecomatin.net\/wp-content\/uploads\/2019\/07\/ecomatin.net-cacao-le-gouvernement-confesse-lechec-du-plan-de-relance-de-la-filiere-cacao-ok.jpg?zoom=2&#038;resize=780%2C405&#038;ssl=1 1560w\" data-lazy-sizes=\"(max-width: 780px) 100vw, 780px\" srcset=\"data:image\/gif;base64,R0lGODlhAQABAIAAAAAAAP\/\/\/yH5BAEAAAAALAAAAAABAAEAAAIBRAA7\"\/><\/div>\n<div class=\"entry-content entry clearfix\" readability=\"67\">\n<p class=\"yiv3761471540ydp41475161msonormal c3\"><span class=\"c2\">Le 30 septembre 2014, le gouvernement du Cameroun s\u2019\u00e9tait fix\u00e9 l\u2019ambitieux projet de porter \u00e0 <strong>600 000 tonnes<\/strong> le volume de la production cacaoy\u00e8re nationale d\u2019ici 2020. Cinq (05) ans apr\u00e8s le lancement de l\u2019initiative, m\u00eame si, globalement, les chiffres sont \u00e0 la hausse, le Cameroun est encore loin de l\u2019atteinte de ces objectifs.<\/span><\/p>\n<p class=\"yiv3761471540ydp41475161msonormal c4\"><span class=\"c2\">Selon le rapport du minist\u00e8re de l\u2019Agriculture sur la mise en \u0153uvre de la <strong>strat\u00e9gie de d\u00e9veloppement du secteur rural<\/strong>, le volume de la production annuelle de cacao au Cameroun, entre 2014 et 2018, est pass\u00e9 de <strong>281 000 tonnes \u00e0 336 000 tonnes<\/strong>. Cette performance salu\u00e9e a \u00e9t\u00e9 favoris\u00e9e par la restauration d\u2019anciens vergers, \u00e0 l\u2019augmentation des terres cultiv\u00e9es et \u00e0 la strat\u00e9gie de relance du secteur caf\u00e9-cacao du minist\u00e8re lanc\u00e9 en 2014. Cependant, indique le rapport, l\u2019objectif de <strong>600 000 tonnes<\/strong> d\u2019ici 2020 ne sera probablement pas atteint.<\/span><\/p>\n<p class=\"yiv3761471540ydp41475161msonormal c4\"><span class=\"c2\">En effet, plusieurs facteurs entravent encore l\u2019optimisation de la production cacaoy\u00e8re. Notamment la crise dans les r\u00e9gions du Sud-Ouest, autrefois premier producteur national de cacao. A titre d\u2019illustration, d\u2019apr\u00e8s un rapport du <strong>Groupement inter-patronal du Cameroun<\/strong> (Gicam) publi\u00e9 en 2018 sur l\u2019impact de la crise socio-politique sur l\u2019\u00e9conomie nationale, les ventes de cacao dans cette r\u00e9gion sont pass\u00e9es de <strong>45,45%<\/strong> au cours de la campagne 2016-2017 \u00e0 <strong>32%<\/strong> au cours de la campagne 2017-2018, soit une baisse de <strong>43 000 tonnes<\/strong> en valeur absolue.<\/span><\/p>\n<p class=\"yiv3761471540ydp41475161msonormal c4\"><span class=\"c2\">Au regard de la situation s\u00e9curitaire toujours critique dans cette r\u00e9gion, le Gicam projette une perte comprise entre <strong>60\u2009000 tonnes<\/strong> et <strong>100\u2009000 tonnes<\/strong> pour la campagne cacaoy\u00e8re 2018-2019 qui tend vers sa fin.<\/span><\/p>\n<div class=\"about-author about-author-box container-wrapper\">\n<div class=\"author-avatar\">\n<p><img decoding=\"async\" src=\"http:\/\/\" alt=\"\"\/><\/p>\n<\/div>\n<p><h4>La R\u00e9daction EcoMatin<\/h4>\n<\/p>\n<\/div>\n<div class=\"awac-wrapper awac widget blog_subscription-2\">\n<h4 class=\"widget-title\">Abonnez-vous \u00e0 notre lettre d&rsquo;information<\/h4>\n<\/div>\n<\/div>\n<div class=\"toggle-post-content clearfix\"><a id=\"toggle-post-button\" class=\"button\" href=\"#\">Afficher plus <\/a><\/div>\n<p>Auteur: EcoMatin<br \/>\n<a href=\"https:\/\/ecomatin.net\/cacao-le-gouvernement-confesse-lechec-du-plan-de-relance-de-la-filiere\/\">Cliquez ici pour lire l&rsquo;article depuis sa source.<\/a><\/p>\n","protected":false},"excerpt":{"rendered":"<p>Le 30 septembre 2014, le gouvernement du Cameroun s\u2019\u00e9tait fix\u00e9 l\u2019ambitieux projet de porter \u00e0 600 000 tonnes le volume de la production cacaoy\u00e8re nationale d\u2019ici 2020. Cinq (05) ans apr\u00e8s le lancement de l\u2019initiative, m\u00eame si, globalement, les chiffres sont \u00e0 la hausse, le Cameroun est encore loin de l\u2019atteinte de ces objectifs. Selon [&hellip;]<\/p>\n","protected":false},"author":1969,"featured_media":0,"comment_status":"closed","ping_status":"closed","sticky":false,"template":"","format":"standard","meta":{"fifu_image_url":"","fifu_image_alt":"","footnotes":""},"categories":[82,78],"tags":[],"class_list":["post-44461","post","type-post","status-publish","format-standard","hentry","category-cameroun","category-economie"],"_links":{"self":[{"href":"https:\/\/linitiative.ca\/International\/wp-json\/wp\/v2\/posts\/44461","targetHints":{"allow":["GET"]}}],"collection":[{"href":"https:\/\/linitiative.ca\/International\/wp-json\/wp\/v2\/posts"}],"about":[{"href":"https:\/\/linitiative.ca\/International\/wp-json\/wp\/v2\/types\/post"}],"author":[{"embeddable":true,"href":"https:\/\/linitiative.ca\/International\/wp-json\/wp\/v2\/users\/1969"}],"replies":[{"embeddable":true,"href":"https:\/\/linitiative.ca\/International\/wp-json\/wp\/v2\/comments?post=44461"}],"version-history":[{"count":0,"href":"https:\/\/linitiative.ca\/International\/wp-json\/wp\/v2\/posts\/44461\/revisions"}],"wp:attachment":[{"href":"https:\/\/linitiative.ca\/International\/wp-json\/wp\/v2\/media?parent=44461"}],"wp:term":[{"taxonomy":"category","embeddable":true,"href":"https:\/\/linitiative.ca\/International\/wp-json\/wp\/v2\/categories?post=44461"},{"taxonomy":"post_tag","embeddable":true,"href":"https:\/\/linitiative.ca\/International\/wp-json\/wp\/v2\/tags?post=44461"}],"curies":[{"name":"wp","href":"https:\/\/api.w.org\/{rel}","templated":true}]}}