{"id":44469,"date":"2019-07-05T07:00:10","date_gmt":"2019-07-05T11:00:10","guid":{"rendered":"https:\/\/linitiative.ca\/International\/la-police-administrative-de-casablanca-operationnelle\/"},"modified":"2019-07-05T07:00:10","modified_gmt":"2019-07-05T11:00:10","slug":"la-police-administrative-de-casablanca-operationnelle","status":"publish","type":"post","link":"https:\/\/linitiative.ca\/International\/la-police-administrative-de-casablanca-operationnelle\/","title":{"rendered":"La police administrative de Casablanca op\u00e9rationnelle"},"content":{"rendered":"<p><img decoding=\"async\" class=\"post_layout_5_img\" src=\"http:\/\/aujourdhui.ma\/wp-content\/uploads\/2019\/07\/police-administrative-Casablanca.jpg?x29840\" alt=\"La police administrative de Casablanca op\u00e9rationnelle\"\/><\/p>\n<p class=\"p1\"><span class=\"c4\"><strong><em>150 agents vont sillonner la ville \u00e0 compter de ce mois de juillet<\/em><\/strong><\/span><span id=\"more-314399\"\/><\/p>\n<p class=\"p1\"><span class=\"s1\">Le lancement officiel de la police administrative communale (PAC) sur tout le territoire de Casablanca a eu lieu le jeudi 4 juillet<span class=\"Apple-converted-space\">\u00a0<\/span> apr\u00e8s une op\u00e9ration pilote qui avait \u00e9t\u00e9 men\u00e9e dans plusieurs arrondissements.<\/span><\/p>\n<p class=\"p1\"><span class=\"s1\">La c\u00e9r\u00e9monie officielle pr\u00e9sid\u00e9e par Said Ahmidouch, wali de la r\u00e9gion Casablanca-Settat, et Abdelaziz El Omari, pr\u00e9sident du conseil de la ville, s\u2019est tenue au si\u00e8ge de la Wilaya de Casablanca. Cette police qui est devenue \u00e0 pr\u00e9sent op\u00e9rationnelle comprend au total 150 agents, \u00e0 savoir 109 contr\u00f4leurs, 16 superviseurs, 18 agents administratifs et 7 agents de sant\u00e9. Chaque arrondissement aura 1 superviseur qui surveillera de pr\u00e8s le travail men\u00e9 par les contr\u00f4leurs. Signalons \u00e9galement que le si\u00e8ge de cette police administrative qui va centraliser toutes les op\u00e9rations a \u00e9t\u00e9 am\u00e9nag\u00e9 \u00e0 Sidi Belyout. La PAC qui a \u00e9t\u00e9 g\u00e9n\u00e9ralis\u00e9e \u00e0 tous les arrondissements de la m\u00e9tropole \u00e9conomique interviendra dans trois domaines pr\u00e9cis, \u00e0 savoir: hygi\u00e8ne, salubrit\u00e9 publique et propret\u00e9; urbanisme; et occupation du domaine public.<\/span><\/p>\n<p class=\"p1\"><span class=\"s1\">Ainsi, les agents seront charg\u00e9s de la verbalisation des contraventions en mati\u00e8re d\u2019hygi\u00e8ne, d\u2019urbanisme et l\u2019occupation du domaine public. Ces agents ont ainsi pour mission de v\u00e9rifier la conformit\u00e9 des activit\u00e9s, \u00e9mettre des avis d\u2019infraction ou de non-conformit\u00e9 et si besoin lancer des poursuites judiciaires vis-\u00e0-vis des contrevenants. Pour cela, ils se baseront sur les dispositions du nouvel arr\u00eat\u00e9 municipal relatif \u00e0 l\u2019hygi\u00e8ne, qui vient actualiser l\u2019arr\u00eat\u00e9 permanent municipal de 1930 devenu obsol\u00e8te. Rappelons que cet arr\u00eat\u00e9 traite de tout ce qui a trait \u00e0 l\u2019hygi\u00e8ne : les produits alimentaires, les r\u00e8gles d\u2019hygi\u00e8ne dans les \u00e9tablissements alimentaires et les commerces d\u2019alimentation, le transport des viandes, la propret\u00e9 dans les lieux publics\u2026 avait pr\u00e9vu des amendes d\u00e9risoires fix\u00e9es \u00e0 100 DH pour chaque infraction.<\/span><\/p>\n<p class=\"p1\"><span class=\"s1\">Cela dit, en cas d\u2019atteinte grave \u00e0 la sant\u00e9 des citoyens, des fermetures peuvent \u00eatre prononc\u00e9es. En cas d\u2019intoxication alimentaire par exemple, une poursuite judiciaire sera men\u00e9e \u00e0 l\u2019encontre de l\u2019\u00e9tablissement. Par ailleurs, il est important de relever qu\u2019en 2020, le nombre d\u2019agents de la police administrative communale doublera <span class=\"Apple-converted-space\">\u00a0<\/span> pour passer \u00e0 300.<span class=\"Apple-converted-space\">\u00a0<\/span> Rappelons qu\u2019une exp\u00e9rience<span class=\"Apple-converted-space\">\u00a0<\/span> pilote avait \u00e9t\u00e9 men\u00e9e dans<span class=\"Apple-converted-space\">\u00a0<\/span> 5 arrondissements,<span class=\"Apple-converted-space\">\u00a0<\/span> \u00e0 savoir :<span class=\"Apple-converted-space\">\u00a0<\/span> Anfa, Sidi Belyout, Ma\u00e2rif, Moulay Rachid et Sidi Othmane. Ainsi, 70 agents et 7 superviseurs avaient<span class=\"Apple-converted-space\">\u00a0<\/span> \u00e9t\u00e9 d\u00e9ploy\u00e9s au niveau de 5 arrondissements. Les \u00e9quipes sont organis\u00e9es en trois brigades : salubrit\u00e9 publique, surveillance du stationnement et occupation du domaine public.<\/span><\/p>\n<p class=\"p1\"><span class=\"s1\">Pendant 6 mois, ils ont sillonn\u00e9 les arrondissements afin de faire respecter et de communiquer sur ces nouvelles r\u00e9glementations. Au terme de cette exp\u00e9rience pilote, un premier bilan avait \u00e9t\u00e9 \u00e9tabli pour mettre en place un dispositif plus solide en mesure de r\u00e9soudre les probl\u00e8mes d\u2019hygi\u00e8ne au niveau de la capitale \u00e9conomique. Par la suite, il avait \u00e9t\u00e9 d\u00e9cid\u00e9 de g\u00e9n\u00e9raliser<span class=\"Apple-converted-space\">\u00a0<\/span> la police administrative au niveau de tout Casablanca.<\/span><\/p>\n<p>Auteur: Laila Zerrour<br \/>\n<a href=\"http:\/\/aujourdhui.ma\/societe\/la-police-administrative-de-casablanca-operationnelle\">Cliquez ici pour lire l&rsquo;article depuis sa source.<\/a><\/p>\n","protected":false},"excerpt":{"rendered":"<p>150 agents vont sillonner la ville \u00e0 compter de ce mois de juillet Le lancement officiel de la police administrative communale (PAC) sur tout le territoire de Casablanca a eu lieu le jeudi 4 juillet\u00a0 apr\u00e8s une op\u00e9ration pilote qui avait \u00e9t\u00e9 men\u00e9e dans plusieurs arrondissements. La c\u00e9r\u00e9monie officielle pr\u00e9sid\u00e9e par Said Ahmidouch, wali de [&hellip;]<\/p>\n","protected":false},"author":1759,"featured_media":0,"comment_status":"closed","ping_status":"closed","sticky":false,"template":"","format":"standard","meta":{"fifu_image_url":"","fifu_image_alt":"","footnotes":""},"categories":[73,54],"tags":[],"class_list":["post-44469","post","type-post","status-publish","format-standard","hentry","category-actualite","category-maroc"],"_links":{"self":[{"href":"https:\/\/linitiative.ca\/International\/wp-json\/wp\/v2\/posts\/44469","targetHints":{"allow":["GET"]}}],"collection":[{"href":"https:\/\/linitiative.ca\/International\/wp-json\/wp\/v2\/posts"}],"about":[{"href":"https:\/\/linitiative.ca\/International\/wp-json\/wp\/v2\/types\/post"}],"author":[{"embeddable":true,"href":"https:\/\/linitiative.ca\/International\/wp-json\/wp\/v2\/users\/1759"}],"replies":[{"embeddable":true,"href":"https:\/\/linitiative.ca\/International\/wp-json\/wp\/v2\/comments?post=44469"}],"version-history":[{"count":0,"href":"https:\/\/linitiative.ca\/International\/wp-json\/wp\/v2\/posts\/44469\/revisions"}],"wp:attachment":[{"href":"https:\/\/linitiative.ca\/International\/wp-json\/wp\/v2\/media?parent=44469"}],"wp:term":[{"taxonomy":"category","embeddable":true,"href":"https:\/\/linitiative.ca\/International\/wp-json\/wp\/v2\/categories?post=44469"},{"taxonomy":"post_tag","embeddable":true,"href":"https:\/\/linitiative.ca\/International\/wp-json\/wp\/v2\/tags?post=44469"}],"curies":[{"name":"wp","href":"https:\/\/api.w.org\/{rel}","templated":true}]}}