{"id":44470,"date":"2019-07-05T07:17:22","date_gmt":"2019-07-05T11:17:22","guid":{"rendered":"https:\/\/linitiative.ca\/International\/ismail-lo-africa-est-la-chanson-qui-me-represente-le-mieux\/"},"modified":"2019-07-05T07:17:22","modified_gmt":"2019-07-05T11:17:22","slug":"ismail-lo-africa-est-la-chanson-qui-me-represente-le-mieux","status":"publish","type":"post","link":"https:\/\/linitiative.ca\/International\/ismail-lo-africa-est-la-chanson-qui-me-represente-le-mieux\/","title":{"rendered":"Isma\u00efl Lo : \u00ab\u00a0Africa est la chanson qui me repr\u00e9sente le mieux\u00a0\u00bb"},"content":{"rendered":"<div>\n<p><img loading=\"lazy\" decoding=\"async\" width=\"300\" height=\"153\" src=\"http:\/\/aujourdhui.ma\/wp-content\/uploads\/2019\/07\/Ismai%CC%88l-Lo-Timitar-2019-300x153.jpg?x29840\" class=\"attachment-medium size-medium wp-post-image\" alt=\"\" srcset=\"http:\/\/aujourdhui.ma\/wp-content\/uploads\/2019\/07\/Ismai\u0308l-Lo-Timitar-2019-300x153.jpg 300w, http:\/\/aujourdhui.ma\/wp-content\/uploads\/2019\/07\/Ismai\u0308l-Lo-Timitar-2019.jpg 746w\" sizes=\"auto, (max-width: 300px) 100vw, 300px\"><\/p>\n<p><span style=\"color: #800000;\"><strong><span style=\"font-size: 20px;\">Entretien avec Isma\u00efl Lo, musicien s\u00e9n\u00e9galais<\/span><\/strong><\/span><\/p>\n<\/div>\n<p>Auteur: ALM<br \/>\n<a href=\"http:\/\/aujourdhui.ma\/videos\/ismail-lo-africa-est-la-chanson-qui-me-represente-le-mieux\">Cliquez ici pour lire l&rsquo;article depuis sa source.<\/a><\/p>\n","protected":false},"excerpt":{"rendered":"<p>Entretien avec Isma\u00efl Lo, musicien s\u00e9n\u00e9galais Auteur: ALM Cliquez ici pour lire l&rsquo;article depuis sa source.<\/p>\n","protected":false},"author":1759,"featured_media":0,"comment_status":"closed","ping_status":"closed","sticky":false,"template":"","format":"standard","meta":{"fifu_image_url":"","fifu_image_alt":"","footnotes":""},"categories":[73,54],"tags":[],"class_list":["post-44470","post","type-post","status-publish","format-standard","hentry","category-actualite","category-maroc"],"_links":{"self":[{"href":"https:\/\/linitiative.ca\/International\/wp-json\/wp\/v2\/posts\/44470","targetHints":{"allow":["GET"]}}],"collection":[{"href":"https:\/\/linitiative.ca\/International\/wp-json\/wp\/v2\/posts"}],"about":[{"href":"https:\/\/linitiative.ca\/International\/wp-json\/wp\/v2\/types\/post"}],"author":[{"embeddable":true,"href":"https:\/\/linitiative.ca\/International\/wp-json\/wp\/v2\/users\/1759"}],"replies":[{"embeddable":true,"href":"https:\/\/linitiative.ca\/International\/wp-json\/wp\/v2\/comments?post=44470"}],"version-history":[{"count":0,"href":"https:\/\/linitiative.ca\/International\/wp-json\/wp\/v2\/posts\/44470\/revisions"}],"wp:attachment":[{"href":"https:\/\/linitiative.ca\/International\/wp-json\/wp\/v2\/media?parent=44470"}],"wp:term":[{"taxonomy":"category","embeddable":true,"href":"https:\/\/linitiative.ca\/International\/wp-json\/wp\/v2\/categories?post=44470"},{"taxonomy":"post_tag","embeddable":true,"href":"https:\/\/linitiative.ca\/International\/wp-json\/wp\/v2\/tags?post=44470"}],"curies":[{"name":"wp","href":"https:\/\/api.w.org\/{rel}","templated":true}]}}