{"id":44477,"date":"2019-07-05T05:39:49","date_gmt":"2019-07-05T09:39:49","guid":{"rendered":"https:\/\/linitiative.ca\/International\/le-maroc-a-franchi-de-grands-pas-dans-la-reforme-de-son-systeme-denseignement\/"},"modified":"2019-07-05T05:39:49","modified_gmt":"2019-07-05T09:39:49","slug":"le-maroc-a-franchi-de-grands-pas-dans-la-reforme-de-son-systeme-denseignement","status":"publish","type":"post","link":"https:\/\/linitiative.ca\/International\/le-maroc-a-franchi-de-grands-pas-dans-la-reforme-de-son-systeme-denseignement\/","title":{"rendered":"\u00abLe Maroc a franchi de grands pas dans la r\u00e9forme de son syst\u00e8me d\u2019enseignement\u00bb"},"content":{"rendered":"<p class=\"c2\"><strong>Hajar Radi<\/strong> (MAP)<\/p>\n<p class=\"c5\"><strong><span class=\"c3\">L<\/span><span class=\"c4\">e Directeur g\u00e9n\u00e9ral de l\u2019Organisation arabe pour l\u2019\u00e9ducation, la culture et les sciences (ALECSO), Mohamed Ould Amar, a estim\u00e9 que le Maroc a franchi de grands pas dans la r\u00e9forme de son syst\u00e8me d\u2019enseignement, appelant les autres Etats arabes \u00e0 aller sur cette voie tout en prenant en consid\u00e9ration les particularit\u00e9s de chaque pays.<\/span><\/strong><\/p>\n<p class=\"c5\">Dans une interview avec la MAP, Ould Amar a qualifi\u00e9 de \u00abpionni\u00e8re et un exemple \u00e0 suivre\u00bb l\u2019exp\u00e9rience \u00e9ducative marocaine, saluant les initiatives du Maroc, notamment l\u2019organisation de forums et colloques r\u00e9unissant des chercheurs et intellectuels, pour examiner les probl\u00e9matiques actuelles et \u0153uvrer \u00e0 la conjugaison des efforts visant \u00e0 promouvoir la culture arabe et relever les d\u00e9fis de l\u2019avenir.<\/p>\n<p class=\"c5\">Le responsable mauritanien, \u00e9lu en avril dernier \u00e0 la t\u00eate de l\u2019ALECSO, a affirm\u00e9 que les pays arabes partagent les m\u00eames pr\u00e9occupations en mati\u00e8re d\u2019\u00e9ducation et d\u2019enseignement, notant que le r\u00f4le de l\u2019ALECSO est d\u2019\u0153uvrer pour le d\u00e9veloppement des syst\u00e8mes arabes d\u2019enseignement.<\/p>\n<p class=\"c5\">L\u2019Organisation s\u2019att\u00e8le \u00e0 l\u2019\u00e9laboration de solutions efficaces permettant d\u2019accompagner le grand progr\u00e8s enregistr\u00e9 au niveau international dans le domaine de l\u2019\u00e9ducation, et ce, conform\u00e9ment \u00e0 la vision et aux recommandations adopt\u00e9es par les sommets et conf\u00e9rences arabes d\u00e9di\u00e9es \u00e0 ce sujet, a expliqu\u00e9 Ould Amar, \u00e9galement conseiller aupr\u00e8s de la pr\u00e9sidence de la R\u00e9publique islamique de Mauritanie.<\/p>\n<p class=\"c5\">Selon lui, chaque pays arabe a ses propres d\u00e9fis, d\u00e9termin\u00e9s par diff\u00e9rents facteurs comme la r\u00e9alit\u00e9 territoriale de chaque pays et la stabilit\u00e9 politique et s\u00e9curitaire, et il est n\u00e9cessaire de lutter contre tout ce qui peut entraver la r\u00e9forme du syst\u00e8me \u00e9ducatif arabe.<\/p>\n<p class=\"c5\">Il a aussi soulign\u00e9 que les Etats arabes doivent \u0153uvrer pour remplir leurs engagements vis-\u00e0-vis des citoyens en ce qui concerne la r\u00e9alisation des Objectifs du d\u00e9veloppement durable \u00e0 l\u2019horizon de 2030, \u00e0 travers des strat\u00e9gies et programmes couvrant les domaines culturel, \u00e9conomique et social.<\/p>\n<p class=\"c5\">Dans ce sens, Ould Amar a formul\u00e9 l\u2019espoir de voir l\u2019enseignement, la d\u00e9mocratie et la sant\u00e9 inscrits parmi les priorit\u00e9s des politiques publiques de chaque pays.<\/p>\n<p class=\"c5\">L\u2019ALECSO, bas\u00e9e \u00e0 Tunis et qui rel\u00e8ve de la Ligue des Etats arabes, a \u00e9t\u00e9 cr\u00e9\u00e9e officiellement en juillet 1970.<\/p>\n<p>Auteur: rahal mehamed<br \/>\n<a href=\"http:\/\/albayane.press.ma\/le-maroc-a-franchi-de-grands-pas-dans-la-reforme-de-son-systeme-denseignement.html\">Cliquez ici pour lire l&rsquo;article depuis sa source.<\/a><\/p>\n","protected":false},"excerpt":{"rendered":"<p>Hajar Radi (MAP) Le Directeur g\u00e9n\u00e9ral de l\u2019Organisation arabe pour l\u2019\u00e9ducation, la culture et les sciences (ALECSO), Mohamed Ould Amar, a estim\u00e9 que le Maroc a franchi de grands pas dans la r\u00e9forme de son syst\u00e8me d\u2019enseignement, appelant les autres Etats arabes \u00e0 aller sur cette voie tout en prenant en consid\u00e9ration les particularit\u00e9s de [&hellip;]<\/p>\n","protected":false},"author":1760,"featured_media":0,"comment_status":"closed","ping_status":"closed","sticky":false,"template":"","format":"standard","meta":{"fifu_image_url":"","fifu_image_alt":"","footnotes":""},"categories":[73,54],"tags":[],"class_list":["post-44477","post","type-post","status-publish","format-standard","hentry","category-actualite","category-maroc"],"_links":{"self":[{"href":"https:\/\/linitiative.ca\/International\/wp-json\/wp\/v2\/posts\/44477","targetHints":{"allow":["GET"]}}],"collection":[{"href":"https:\/\/linitiative.ca\/International\/wp-json\/wp\/v2\/posts"}],"about":[{"href":"https:\/\/linitiative.ca\/International\/wp-json\/wp\/v2\/types\/post"}],"author":[{"embeddable":true,"href":"https:\/\/linitiative.ca\/International\/wp-json\/wp\/v2\/users\/1760"}],"replies":[{"embeddable":true,"href":"https:\/\/linitiative.ca\/International\/wp-json\/wp\/v2\/comments?post=44477"}],"version-history":[{"count":0,"href":"https:\/\/linitiative.ca\/International\/wp-json\/wp\/v2\/posts\/44477\/revisions"}],"wp:attachment":[{"href":"https:\/\/linitiative.ca\/International\/wp-json\/wp\/v2\/media?parent=44477"}],"wp:term":[{"taxonomy":"category","embeddable":true,"href":"https:\/\/linitiative.ca\/International\/wp-json\/wp\/v2\/categories?post=44477"},{"taxonomy":"post_tag","embeddable":true,"href":"https:\/\/linitiative.ca\/International\/wp-json\/wp\/v2\/tags?post=44477"}],"curies":[{"name":"wp","href":"https:\/\/api.w.org\/{rel}","templated":true}]}}