{"id":44478,"date":"2019-07-05T05:49:41","date_gmt":"2019-07-05T09:49:41","guid":{"rendered":"https:\/\/linitiative.ca\/International\/ue-les-quatre-nouveaux-occupants-des-postes-cles\/"},"modified":"2019-07-05T05:49:41","modified_gmt":"2019-07-05T09:49:41","slug":"ue-les-quatre-nouveaux-occupants-des-postes-cles","status":"publish","type":"post","link":"https:\/\/linitiative.ca\/International\/ue-les-quatre-nouveaux-occupants-des-postes-cles\/","title":{"rendered":"UE: Les quatre nouveaux occupants des postes-cl\u00e9s?"},"content":{"rendered":"<p class=\"yiv5657181484m5483800210549669095gmail-msonospacing c5\"><strong><span class=\"c4\"><span class=\"c2\">L<\/span><span class=\"c3\">ors du sommet organis\u00e9 ce mardi au titre des nominations aux postes-cl\u00e9s des institutions de l\u2019Union, les chefs d\u2019Etat et de gouvernement europ\u00e9ens ont longuement bataill\u00e9 pour parvenir \u00e0 un compromis quant \u00e0 la d\u00e9signation des nouvelles personnes appel\u00e9es \u00e0\u00a0\u00a0diriger l\u2019instance continentale. Le choix s\u2019est finalement port\u00e9 sur\u00a0\u00a0deux femmes et deux hommes.<\/span><\/span><\/strong><\/p>\n<p class=\"yiv5657181484m5483800210549669095gmail-msonospacing c5\"><span class=\"c4\">Mais qui seraient donc ces nouveaux visages\u00a0appel\u00e9s \u00e0 pr\u00e9sider la Banque Centrale Europ\u00e9enne, la Commission europ\u00e9enne, le Conseil Europ\u00e9en et la diplomatie europ\u00e9enne ?<\/span><\/p>\n<p class=\"yiv5657181484m5483800210549669095gmail-msonospacing c5\"><span class=\"c4\">S\u2019agissant de la Banque Centrale Europ\u00e9enne, le consensus a port\u00e9 sur Christine Lagarde. Loin d\u2019\u00eatre une inconnue, cette derni\u00e8re, \u00e2g\u00e9e de 63 ans, avocate et ancienne championne de natation synchronis\u00e9e fut la premi\u00e8re femme \u00e0 avoir occup\u00e9 le portefeuille du minist\u00e8re des Finances en France, la premi\u00e8re femme \u00e0 avoir dirig\u00e9 une grande firme am\u00e9ricaine d\u2019avocats et, enfin, la premi\u00e8re femme \u00e0 la t\u00eate du Fond Mon\u00e9taire Internationale apr\u00e8s la fameuse affaire DSK.<\/span><\/p>\n<p class=\"yiv5657181484m5483800210549669095gmail-msonospacing c5\"><span class=\"c4\">\u00abLes capacit\u00e9s et les comp\u00e9tences de Mme Lagarde la qualifient totalement pour ce poste\u00bb a d\u00e9clar\u00e9 le pr\u00e9sident fran\u00e7ais Emmanuel Macron qui reconnait qu\u2019apr\u00e8s avoir affront\u00e9 \u00e0 Bercy \u00abla plus grande crise financi\u00e8re et de dettes souveraines des derni\u00e8res d\u00e9cennies\u00bb, l\u2019int\u00e9ress\u00e9e a montr\u00e9 qu\u2019elle disposait de la cr\u00e9dibilit\u00e9 requise.<\/span><\/p>\n<p class=\"yiv5657181484m5483800210549669095gmail-msonospacing c5\"><span class=\"c4\">A l\u2019annonce de cette nomination, Christine Lagarde qui s\u2019est dite \u00abtr\u00e8s honor\u00e9e d\u2019avoir \u00e9t\u00e9 nomin\u00e9e pour la Pr\u00e9sidence de la BCE\u00bb, entend entamer imm\u00e9diatement des consultations avec le Comit\u00e9 d\u2019\u00e9thique du Conseil d\u2019administration du Fond Mon\u00e9taire International pour pouvoir \u00abquitter provisoirement\u00bb ses fonctions de directrice g\u00e9n\u00e9rale du FMI.<\/span><\/p>\n<p class=\"yiv5657181484m5483800210549669095gmail-msonospacing c5\"><span class=\"c4\">La pr\u00e9sidence de la Commission europ\u00e9enne est revenue, quant \u00e0 elle, \u00e0 l\u2019allemande Ursula von der Leyen. Cette derni\u00e8re, \u00e2g\u00e9e de 60 ans et m\u00e8re de sept enfants, avait \u00e9t\u00e9 tellement proche de la chanceli\u00e8re allemande Angela Merkel qui l\u2019a nomm\u00e9e ministre dans chacun de ses quatre gouvernements de 2005 \u00e0 2019, que nombre d\u2019observateurs voyaient en elle sa dauphine potentielle.<\/span><\/p>\n<p class=\"yiv5657181484m5483800210549669095gmail-msonospacing c5\"><span class=\"c4\">Occupant, depuis pr\u00e8s de six ans, le portefeuille de la D\u00e9fense et bien que son bilan soit quelque peu controvers\u00e9 dans son pays \u00e0 telle enseigne qu\u2019un r\u00e9cent sondage du quotidien \u00abBild\u00bb a fait d\u2019elle l\u2019une des ministres les \u00abmoins comp\u00e9tentes\u00bb du gouvernement,\u00a0\u00a0l\u2019int\u00e9ress\u00e9e reste, n\u00e9anmoins, tr\u00e8s appr\u00e9ci\u00e9e par le voisin fran\u00e7ais du fait notamment de sa bonne coop\u00e9ration sur les questions ayant trait \u00e0 la d\u00e9fense franco-allemande.<\/span><\/p>\n<p class=\"yiv5657181484m5483800210549669095gmail-msonospacing c5\"><span class=\"c4\">La pr\u00e9sidence du Conseil europ\u00e9en a \u00e9t\u00e9 attribu\u00e9e \u00e0 Charles Michel, l\u2019actuel Premier ministre belge. Ag\u00e9 de 43 ans, l\u2019int\u00e9ress\u00e9, devenu ministre \u00e0 l\u2019\u00e2ge de 25 ans puis Premier ministre \u00e0 l\u2019\u00e2ge de 38 ans, est un lib\u00e9ral francophone qui a rapidement gravi les \u00e9chelons apr\u00e8s avoir suivi les pas de son p\u00e8re l\u2019ex-commissaire europ\u00e9en Louis Michel.<\/span><\/p>\n<p class=\"yiv5657181484m5483800210549669095gmail-msonospacing c5\"><span class=\"c4\">Avocat de profession, l\u2019int\u00e9ress\u00e9 avait marqu\u00e9 les esprits de ses compatriotes lorsqu\u2019il avait accept\u00e9 de diriger une coalition \u00abkamikaze\u00bb en s\u2019alliant aux nationalistes flamands de la N-VA, qui pr\u00f4nent l\u2019ind\u00e9pendance de la Flandre.<\/span><\/p>\n<p class=\"yiv5657181484m5483800210549669095gmail-msonospacing c5\"><span class=\"c4\">Enfin, la diplomatie europ\u00e9enne est revenue \u00e0 l\u2019espagnol Josep Borell, 72 ans, qui succ\u00e8de ainsi \u00e0 Federica Mogherini. Ancien pr\u00e9sident du Parlement Europ\u00e9en, ce catalan fermement anti-ind\u00e9pendantiste, peu adepte de la langue de bois et tr\u00e8s critique envers l\u2019administration Trump s\u2019est montr\u00e9 tr\u00e8s actif ces derniers temps sur le dossier v\u00e9n\u00e9zu\u00e9lien.<\/span><\/p>\n<p class=\"yiv5657181484m5483800210549669095gmail-msonospacing c5\"><span class=\"c4\">Nomm\u00e9 en juin 2018 par Pedro Sanchez \u00e0 la t\u00eate du Minist\u00e8re espagnol des Affaires \u00e9trang\u00e8res, Josep Borell avait pouss\u00e9 l\u2019Espagne \u00e0 faire partie des premiers pays europ\u00e9ens \u00e0 reconna\u00eetre l\u2019opposant v\u00e9n\u00e9zu\u00e9lien Juan Guaido comme pr\u00e9sident par int\u00e9rim du Venezuela.<\/span><\/p>\n<p class=\"yiv5657181484m5483800210549669095gmail-msonospacing c5\"><span class=\"c4\">Pro-europ\u00e9en convaincu, le nouveau chef de la diplomatie europ\u00e9enne avait \u00e9galement permis au Parti Socialiste Ouvrier Espagnol (PSOE) d\u2019occuper la premi\u00e8re place aux \u00e9lections europ\u00e9ennes du 26 mai dernier.<\/span><\/p>\n<p class=\"yiv5657181484m5483800210549669095gmail-msonospacing c5\"><span class=\"c4\">Mais avec ces quatre nouvelles nominations aux postes-cl\u00e9s, faudrait-il s\u2019attendre \u00e0 ce que l\u2019Union Europ\u00e9enne ait une nouvelle approche quant aux questions qui interpellent la communaut\u00e9 internationale ? Attendons pour voir\u2026<\/span><\/p>\n<p class=\"yiv5657181484m5483800210549669095gmail-msonospacing c6\"><strong><span class=\"c4\">Nabil El Bousaadi<\/span><\/strong><\/p>\n<p>Auteur: rahal mehamed<br \/>\n<a href=\"http:\/\/albayane.press.ma\/ue-les-quatre-nouveaux-occupants-des-postes-cles.html\">Cliquez ici pour lire l&rsquo;article depuis sa source.<\/a><\/p>\n","protected":false},"excerpt":{"rendered":"<p>Lors du sommet organis\u00e9 ce mardi au titre des nominations aux postes-cl\u00e9s des institutions de l\u2019Union, les chefs d\u2019Etat et de gouvernement europ\u00e9ens ont longuement bataill\u00e9 pour parvenir \u00e0 un compromis quant \u00e0 la d\u00e9signation des nouvelles personnes appel\u00e9es \u00e0\u00a0\u00a0diriger l\u2019instance continentale. Le choix s\u2019est finalement port\u00e9 sur\u00a0\u00a0deux femmes et deux hommes. Mais qui seraient [&hellip;]<\/p>\n","protected":false},"author":1760,"featured_media":0,"comment_status":"closed","ping_status":"closed","sticky":false,"template":"","format":"standard","meta":{"fifu_image_url":"","fifu_image_alt":"","footnotes":""},"categories":[73,54],"tags":[],"class_list":["post-44478","post","type-post","status-publish","format-standard","hentry","category-actualite","category-maroc"],"_links":{"self":[{"href":"https:\/\/linitiative.ca\/International\/wp-json\/wp\/v2\/posts\/44478","targetHints":{"allow":["GET"]}}],"collection":[{"href":"https:\/\/linitiative.ca\/International\/wp-json\/wp\/v2\/posts"}],"about":[{"href":"https:\/\/linitiative.ca\/International\/wp-json\/wp\/v2\/types\/post"}],"author":[{"embeddable":true,"href":"https:\/\/linitiative.ca\/International\/wp-json\/wp\/v2\/users\/1760"}],"replies":[{"embeddable":true,"href":"https:\/\/linitiative.ca\/International\/wp-json\/wp\/v2\/comments?post=44478"}],"version-history":[{"count":0,"href":"https:\/\/linitiative.ca\/International\/wp-json\/wp\/v2\/posts\/44478\/revisions"}],"wp:attachment":[{"href":"https:\/\/linitiative.ca\/International\/wp-json\/wp\/v2\/media?parent=44478"}],"wp:term":[{"taxonomy":"category","embeddable":true,"href":"https:\/\/linitiative.ca\/International\/wp-json\/wp\/v2\/categories?post=44478"},{"taxonomy":"post_tag","embeddable":true,"href":"https:\/\/linitiative.ca\/International\/wp-json\/wp\/v2\/tags?post=44478"}],"curies":[{"name":"wp","href":"https:\/\/api.w.org\/{rel}","templated":true}]}}