{"id":44486,"date":"2019-07-05T05:47:03","date_gmt":"2019-07-05T09:47:03","guid":{"rendered":"https:\/\/linitiative.ca\/International\/convocation-des-electeurs-le-7-juillet-dernier-delai-pour-la-publication-du-decret-presidentiel\/"},"modified":"2019-07-05T05:47:03","modified_gmt":"2019-07-05T09:47:03","slug":"convocation-des-electeurs-le-7-juillet-dernier-delai-pour-la-publication-du-decret-presidentiel","status":"publish","type":"post","link":"https:\/\/linitiative.ca\/International\/convocation-des-electeurs-le-7-juillet-dernier-delai-pour-la-publication-du-decret-presidentiel\/","title":{"rendered":"Convocation des \u00e9lecteurs : Le 7 juillet dernier d\u00e9lai pour la publication du d\u00e9cret pr\u00e9sidentiel"},"content":{"rendered":"<p>L\u2019\u00e9ch\u00e9ance approche et tout le monde est tenu en haleine, en attendant la publication du d\u00e9cret pr\u00e9sidentiel portant sur la convocation des \u00e9lecteurs et le pr\u00e9sident de l\u2019Instance sup\u00e9rieure ind\u00e9pendante pour les \u00e9lections (ISIE), Nabil Baffoun a indiqu\u00e9, hier, que le 7 juillet (soit dimanche prochain) est le dernier d\u00e9lai.<\/p>\n<p>\u00ab Nous ne disposons, jusqu\u2019\u00e0 maintenant, d\u2019aucune information prouvant que le pr\u00e9sident de la R\u00e9publique a sign\u00e9 ledit d\u00e9cret \u00bb, a pr\u00e9cis\u00e9 Baffoun.<\/p>\n<p>Plusieurs sites \u00e9lectroniques et m\u00e9dias ont relay\u00e9 une d\u00e9claration de Mohamed Tlili Mansri, membre du conseil de l\u2019ISIE, affirmant que \u00ab l\u2019instance a \u00e9t\u00e9 officiellement inform\u00e9e de la signature du d\u00e9cret portant convocation des \u00e9lecteurs et de sa publication vendredi dans le JORT \u00bb.<\/p>\n<p>Selon l\u2019article 101 (nouveau) de la loi \u00e9lectorale, la convocation des \u00e9lecteurs intervient par d\u00e9cret pr\u00e9sidentiel dans un d\u00e9lai minimum de trois mois avant le jour du scrutin pour les \u00e9lections l\u00e9gislatives, r\u00e9gionales, municipales et pr\u00e9sidentielles, et dans un d\u00e9lai minimum de deux mois pour le r\u00e9f\u00e9rendum.<\/p>\n<p>Les \u00e9lections l\u00e9gislatives seront organis\u00e9es le 6 octobre 2019.<\/p>\n<p class=\"dpsp-share-text\">Partager c&rsquo;est aimer!<\/p>\n<div class=\"wp-post-author-wrap wp-post-author-shortcode left\">\n<h3 class=\"awpa-title\"\/>\n<div class=\"wp-post-author\">\n<div class=\"awpa-img awpa-author-block square\"><a href=\"http:\/\/lexpertjournal.net\/fr\/author\/expert\/\"><img loading=\"lazy\" decoding=\"async\" alt=\"\" src=\"http:\/\/2.gravatar.com\/avatar\/56d99be2a6f97af88ccb49fada637fcd?s=150&#038;d=mm&#038;r=g\" srcset=\"http:\/\/2.gravatar.com\/avatar\/56d99be2a6f97af88ccb49fada637fcd?s=300&#038;d=mm&#038;r=g 2x\" class=\"avatar avatar-150 photo\" height=\"150\" width=\"150\"\/><\/a><\/div>\n<\/div>\n<\/div>\n<p>Auteur: L&rsquo;expert<br \/>\n<a href=\"http:\/\/lexpertjournal.net\/fr\/2019\/07\/05\/convocation-des-electeurs-le-7-juillet-dernier-delai-pour-la-publication-du-decret-presidentiel\/\">Cliquez ici pour lire l&rsquo;article depuis sa source.<\/a><\/p>\n","protected":false},"excerpt":{"rendered":"<p>L\u2019\u00e9ch\u00e9ance approche et tout le monde est tenu en haleine, en attendant la publication du d\u00e9cret pr\u00e9sidentiel portant sur la convocation des \u00e9lecteurs et le pr\u00e9sident de l\u2019Instance sup\u00e9rieure ind\u00e9pendante pour les \u00e9lections (ISIE), Nabil Baffoun a indiqu\u00e9, hier, que le 7 juillet (soit dimanche prochain) est le dernier d\u00e9lai. \u00ab Nous ne disposons, jusqu\u2019\u00e0 [&hellip;]<\/p>\n","protected":false},"author":1775,"featured_media":0,"comment_status":"closed","ping_status":"closed","sticky":false,"template":"","format":"standard","meta":{"fifu_image_url":"","fifu_image_alt":"","footnotes":""},"categories":[78,55],"tags":[],"class_list":["post-44486","post","type-post","status-publish","format-standard","hentry","category-economie","category-tunisie"],"_links":{"self":[{"href":"https:\/\/linitiative.ca\/International\/wp-json\/wp\/v2\/posts\/44486","targetHints":{"allow":["GET"]}}],"collection":[{"href":"https:\/\/linitiative.ca\/International\/wp-json\/wp\/v2\/posts"}],"about":[{"href":"https:\/\/linitiative.ca\/International\/wp-json\/wp\/v2\/types\/post"}],"author":[{"embeddable":true,"href":"https:\/\/linitiative.ca\/International\/wp-json\/wp\/v2\/users\/1775"}],"replies":[{"embeddable":true,"href":"https:\/\/linitiative.ca\/International\/wp-json\/wp\/v2\/comments?post=44486"}],"version-history":[{"count":0,"href":"https:\/\/linitiative.ca\/International\/wp-json\/wp\/v2\/posts\/44486\/revisions"}],"wp:attachment":[{"href":"https:\/\/linitiative.ca\/International\/wp-json\/wp\/v2\/media?parent=44486"}],"wp:term":[{"taxonomy":"category","embeddable":true,"href":"https:\/\/linitiative.ca\/International\/wp-json\/wp\/v2\/categories?post=44486"},{"taxonomy":"post_tag","embeddable":true,"href":"https:\/\/linitiative.ca\/International\/wp-json\/wp\/v2\/tags?post=44486"}],"curies":[{"name":"wp","href":"https:\/\/api.w.org\/{rel}","templated":true}]}}