{"id":44488,"date":"2019-07-05T05:58:19","date_gmt":"2019-07-05T09:58:19","guid":{"rendered":"https:\/\/linitiative.ca\/International\/action-de-networking-dans-le-domaine-du-textile-jornadas-de-tunez-moda-en-espagne\/"},"modified":"2019-07-05T05:58:19","modified_gmt":"2019-07-05T09:58:19","slug":"action-de-networking-dans-le-domaine-du-textile-jornadas-de-tunez-moda-en-espagne","status":"publish","type":"post","link":"https:\/\/linitiative.ca\/International\/action-de-networking-dans-le-domaine-du-textile-jornadas-de-tunez-moda-en-espagne\/","title":{"rendered":"Action de networking dans le domaine du textile :  Jornadas de Tunez Moda en Espagne"},"content":{"rendered":"<p>Le Centre de Promotion des Exportations (CEPEX), en \u00e9troite collaboration avec la F\u00e9d\u00e9ration tunisienne du textile et de l\u2019habillement (FTTH) conduit actuellement une action d\u2019envergure de networking et de contacts d\u2019affaires dans le secteur textile et habillement en Espagne, a fait savoir le CEPEX, dans un communiqu\u00e9, publi\u00e9 hier.<\/p>\n<p>Intitul\u00e9e \u00ab Jornadas de Tunez Moda \u00bb, cette action, qui s\u2019inscrit dans le cadre de la mise en \u0153uvre du plan triennal 2017\/2019, d\u00e9cr\u00e9t\u00e9 par le gouvernement au profit de la relance du secteur textile et habillement et prend la forme de rencontres B2B itin\u00e9rantes, a lieu \u00e0 Barcelone et Madrid. Elle r\u00e9unit une quinzaine d\u2019industriels tunisiens de l\u2019habillement op\u00e9rant dans les fili\u00e8res phares du secteur dans lesquelles la Tunisie jouit d\u2019une exp\u00e9rience et notori\u00e9t\u00e9 av\u00e9r\u00e9es aupr\u00e8s des donneurs d\u2019ordre europ\u00e9ens, lit-on dans le communiqu\u00e9.<\/p>\n<p>\u00ab Le coup d\u2019envoi de ces rencontres a \u00e9t\u00e9 donn\u00e9 le mardi 2 juillet, dans la capitale catalane, dans un h\u00f4tel de la place qui a vibr\u00e9, tout au long de cette journ\u00e9e, au rythme des mouvements ininterrompus de plus d\u2019une quarantaine d\u2019enseignes de mode espagnoles dont le c\u00e9l\u00e8bre groupe Inditex, un des leaders mondiaux de la mode \u00bb, selon la m\u00eame source.<\/p>\n<p>Les industriels tunisiens repr\u00e9sentant 4 univers-produits d\u00e9di\u00e9s \u00e0 la sous-traitance, la co-traitance et le produit fini ont rencontr\u00e9 des d\u00e9cideurs, directeurs d\u2019achat et autres responsables commerciaux de ces enseignes, toujours \u00e0 l\u2019aff\u00fbt de nouveaux fournisseurs \u00bb best-cost \u00bb qui sauront s\u2019accommoder des nouvelles exigences environnementales et soci\u00e9tales.<\/p>\n<p>Une s\u00e9lection des soci\u00e9t\u00e9s participantes fut op\u00e9r\u00e9e sur la base de leur capacit\u00e9 \u00e0 s\u2019adapter \u00e0 la demande des enseignes espagnoles en termes de comp\u00e9titivit\u00e9, de leur haut niveau de qualit\u00e9 de services, de leur technicit\u00e9 et de leur cr\u00e9ativit\u00e9 sans n\u00e9gliger leur engagement dans le respect des d\u00e9lais de livraison et s\u00e9curit\u00e9 des approvisionnements.<\/p>\n<p>Pour ce faire, quatre fili\u00e8res ont \u00e9t\u00e9 identifi\u00e9es, en l\u2019occurrence le pr\u00eat-\u00e0-porter, la lingerie, le baln\u00e9aire, le jean et sportswear en plus des accessoires de confection.<\/p>\n<p>Le deuxi\u00e8me round madril\u00e8ne a, quant \u00e0 lui, r\u00e9uni une trentaine d\u2019enseignes espagnoles anim\u00e9es par la m\u00eame volont\u00e9 de diversifier leur sourcing et d\u2019\u00e9tablir de nouveaux partenariats industriels avec des soci\u00e9t\u00e9s de la rive sud de la M\u00e9diterran\u00e9e.<\/p>\n<p>La Tunisie ambitionne, \u00e0 travers ce genre de rencontres, non seulement de glaner des parts de march\u00e9 au profit de ses industriels, mais aussi de conforter sa position de place de choix pour les activit\u00e9s de Sourcing textile \u00e0 la faveur d\u2019une forte capacit\u00e9 d\u2019adaptation aux nouveaux imp\u00e9ratifs de production.<\/p>\n<p>A noter que L\u2019Espagne est un march\u00e9 de 46,7 millions de consommateurs en 2018 (soit 9% du march\u00e9 de l\u2019UE) ; il est le 5\u00e8me client de la Tunisie avec une valeur de 109 Millions d\u2019euros et le 6\u00e8me fournisseur de la Tunisie.<\/p>\n<p class=\"dpsp-share-text\">Partager c&rsquo;est aimer!<\/p>\n<div class=\"wp-post-author-wrap wp-post-author-shortcode left\">\n<h3 class=\"awpa-title\"\/>\n<div class=\"wp-post-author\">\n<div class=\"awpa-img awpa-author-block square\"><a href=\"http:\/\/lexpertjournal.net\/fr\/author\/expert\/\"><img loading=\"lazy\" decoding=\"async\" alt=\"\" src=\"http:\/\/2.gravatar.com\/avatar\/56d99be2a6f97af88ccb49fada637fcd?s=150&#038;d=mm&#038;r=g\" srcset=\"http:\/\/2.gravatar.com\/avatar\/56d99be2a6f97af88ccb49fada637fcd?s=300&#038;d=mm&#038;r=g 2x\" class=\"avatar avatar-150 photo\" height=\"150\" width=\"150\"\/><\/a><\/div>\n<\/div>\n<\/div>\n<p>Auteur: L&rsquo;expert<br \/>\n<a href=\"http:\/\/lexpertjournal.net\/fr\/2019\/07\/05\/action-de-networking-dans-le-domaine-du-textile-jornadas-de-tunez-moda-en-espagne\/\">Cliquez ici pour lire l&rsquo;article depuis sa source.<\/a><\/p>\n","protected":false},"excerpt":{"rendered":"<p>Le Centre de Promotion des Exportations (CEPEX), en \u00e9troite collaboration avec la F\u00e9d\u00e9ration tunisienne du textile et de l\u2019habillement (FTTH) conduit actuellement une action d\u2019envergure de networking et de contacts d\u2019affaires dans le secteur textile et habillement en Espagne, a fait savoir le CEPEX, dans un communiqu\u00e9, publi\u00e9 hier. Intitul\u00e9e \u00ab Jornadas de Tunez Moda [&hellip;]<\/p>\n","protected":false},"author":1775,"featured_media":0,"comment_status":"closed","ping_status":"closed","sticky":false,"template":"","format":"standard","meta":{"fifu_image_url":"","fifu_image_alt":"","footnotes":""},"categories":[78,55],"tags":[],"class_list":["post-44488","post","type-post","status-publish","format-standard","hentry","category-economie","category-tunisie"],"_links":{"self":[{"href":"https:\/\/linitiative.ca\/International\/wp-json\/wp\/v2\/posts\/44488","targetHints":{"allow":["GET"]}}],"collection":[{"href":"https:\/\/linitiative.ca\/International\/wp-json\/wp\/v2\/posts"}],"about":[{"href":"https:\/\/linitiative.ca\/International\/wp-json\/wp\/v2\/types\/post"}],"author":[{"embeddable":true,"href":"https:\/\/linitiative.ca\/International\/wp-json\/wp\/v2\/users\/1775"}],"replies":[{"embeddable":true,"href":"https:\/\/linitiative.ca\/International\/wp-json\/wp\/v2\/comments?post=44488"}],"version-history":[{"count":0,"href":"https:\/\/linitiative.ca\/International\/wp-json\/wp\/v2\/posts\/44488\/revisions"}],"wp:attachment":[{"href":"https:\/\/linitiative.ca\/International\/wp-json\/wp\/v2\/media?parent=44488"}],"wp:term":[{"taxonomy":"category","embeddable":true,"href":"https:\/\/linitiative.ca\/International\/wp-json\/wp\/v2\/categories?post=44488"},{"taxonomy":"post_tag","embeddable":true,"href":"https:\/\/linitiative.ca\/International\/wp-json\/wp\/v2\/tags?post=44488"}],"curies":[{"name":"wp","href":"https:\/\/api.w.org\/{rel}","templated":true}]}}