{"id":44524,"date":"2019-07-05T11:00:00","date_gmt":"2019-07-05T15:00:00","guid":{"rendered":"https:\/\/linitiative.ca\/International\/loffensive-armee-sintensifie-en-libye\/"},"modified":"2019-07-05T11:00:00","modified_gmt":"2019-07-05T15:00:00","slug":"loffensive-armee-sintensifie-en-libye","status":"publish","type":"post","link":"https:\/\/linitiative.ca\/International\/loffensive-armee-sintensifie-en-libye\/","title":{"rendered":"L\u2019offensive arm\u00e9e s\u2019intensifie en Libye"},"content":{"rendered":"<div readability=\"34\">\n<p>Attaque d\u2019un camp de d\u00e9tention pour migrants<\/p>\n<p>Inqui\u00e9tudes aupr\u00e8s du HCR et de la communaut\u00e9 internationale<\/p>\n<\/div>\n<div readability=\"59.5\">\n<p class=\"rtejustify\">C\u2019est\u00a0l\u2019indignation totale.\u00a0 Un centre de d\u00e9tention pour migrants a \u00e9t\u00e9 la cible de raid a\u00e9rien, mardi 2 juillet \u00e0 Tripoli. L\u2019attaque n\u2019a pas \u00e9t\u00e9 revendiqu\u00e9e, mais le pays est plong\u00e9 dans une guerre civile depuis des mois d\u00e9j\u00e0. La communaut\u00e9 internationale s\u2019est indign\u00e9e de l\u2019ampleur que prend la crise.\u00a0<br \/>Les forces du mar\u00e9chal Khalifa Haftar ont lanc\u00e9 une offensive sur le Gouvernement d\u2019union nationale (GNA)\u00a0 afin de s\u2019emparer de la capitale. L\u2019Arm\u00e9e nationale libyenne (ANL) a d\u2019ailleurs annonc\u00e9 une semaine intense avec la multiplication des frappes a\u00e9riennes \u00e0 Tripoli, en riposte \u00e0 la bataille de Gharyan (ville au sud de Tripoli) qu\u2019elle a perdue. Raison pour laquelle le Gouvernement d\u2019union nationale a d\u00e9nonc\u00e9 les violences perp\u00e9tr\u00e9es par l\u2019arm\u00e9e.\u00a0<br \/>Depuis le d\u00e9but de l\u2019offensive, plusieurs familles ont \u00e9t\u00e9 d\u00e9plac\u00e9es et les migrants sont pris au pi\u00e8ge dans les combats. Cit\u00e9 par l\u2019AFP, le chef du Haut commissariat pour les r\u00e9fugi\u00e9s (HCR), Filippo Grandi, a port\u00e9 trois messages cl\u00e9s: \u00abLes migrants et r\u00e9fugi\u00e9s ne doivent pas \u00eatre en d\u00e9tention, les civils ne doivent pas \u00eatre des cibles et la Libye n\u2019est pas un lieu s\u00fbr pour un renvoi des migrants\u00bb.\u00a0<br \/>La Mission d\u2019appui des nations unis en Libye (Manul) a \u00e9galement exprim\u00e9 son inqui\u00e9tude par rapport \u00e0 la situation qui s\u2019exacerbe de plus en plus et qui alimente les doutes quant \u00e0 la s\u00e9curit\u00e9 des r\u00e9fugi\u00e9s. Car, malgr\u00e9 la crise profonde et l\u2019ins\u00e9curit\u00e9 grandissante, le pays reste un important point de transit pour les migrants fuyant les conflits et l\u2019instabilit\u00e9 dans d\u2019autres r\u00e9gions d\u2019Afrique et du Moyen-Orient.\u00a0<br \/>De plus, la crise gagne en intensit\u00e9 \u00e0 cause des ing\u00e9rences \u00e9trang\u00e8res. Le mar\u00e9chal Haftar est accus\u00e9 de recevoir un soutien militaire des Emirats arabes unis et de l\u2019Egypte. Aux derni\u00e8res nouvelles, Abou Dabi a d\u00e9menti avoir achemin\u00e9 des missiles am\u00e9ricains en Libye, r\u00e9futant les accusations d\u2019un s\u00e9nateur am\u00e9ricain qui accuse le pays du Golfe d\u2019avoir viol\u00e9 un embargo de l\u2019ONU.<br \/>Haftar accuse \u00e0 son tour la Turquie et le Qatar de fournir des armes \u00e0 ses rivaux. Ce qui a aliment\u00e9 les tensions avec Ankara. S\u2019en est suivi l\u2019arrestation de six marins turcs qui seront ensuite lib\u00e9r\u00e9s sous les menaces de la Turquie.\u00a0<br \/>Pour rappel, le pays est divis\u00e9 depuis la guerre civile qui a entra\u00een\u00e9 la destitution de l\u2019ancien pr\u00e9sident Kadhafi, en 2011. Deux gouvernements cohabitent dans l\u2019hostilit\u00e9 et l\u2019\u00e9conomie est de plus en plus exsangue.<\/p>\n<blockquote readability=\"18\">\n<p class=\"rtecenter\"><strong><span class=\"c4\">R\u00e9union en urgence \u00e0 l\u2019ONU<\/span><\/strong><\/p>\n<p class=\"rtejustify\">Le\u00a0Conseil de s\u00e9curit\u00e9 de l\u2019ONU devait se r\u00e9unir, hier mercredi, en urgence sur la Libye apr\u00e8s la mort de plusieurs migrants dans une frappe a\u00e9rienne la veille contre un centre de d\u00e9tention pr\u00e8s de Tripoli. La r\u00e9union \u00e0 huis clos a \u00e9t\u00e9 ajout\u00e9e au programme du Conseil \u00e0 l\u2019initiative du P\u00e9rou, pr\u00e9sident en exercice du Conseil de s\u00e9curit\u00e9 pour juillet. \u00abMalnutrition, enl\u00e8vements, travail forc\u00e9, torture\u2026\u00bb, des ONG pr\u00e9sentes en Libye d\u00e9noncent les conditions de d\u00e9tention des migrants pi\u00e9g\u00e9s dans ce pays, cons\u00e9quence selon elles de la politique migratoire des pays europ\u00e9ens conclue avec les Libyens.<\/p>\n<\/blockquote>\n<p class=\"rtejustify\">Seynabou DIOUF &#038; F. Z. T.\u00a0<\/p>\n<\/div>\n<p>Auteur: leco_web_admin<br \/>\n<a href=\"https:\/\/www.leconomiste.com\/article\/1047374-l-offensive-armee-s-intensifie-en-libye\">Cliquez ici pour lire l&rsquo;article depuis sa source.<\/a><\/p>\n","protected":false},"excerpt":{"rendered":"<p>Attaque d\u2019un camp de d\u00e9tention pour migrants Inqui\u00e9tudes aupr\u00e8s du HCR et de la communaut\u00e9 internationale C\u2019est\u00a0l\u2019indignation totale.\u00a0 Un centre de d\u00e9tention pour migrants a \u00e9t\u00e9 la cible de raid a\u00e9rien, mardi 2 juillet \u00e0 Tripoli. L\u2019attaque n\u2019a pas \u00e9t\u00e9 revendiqu\u00e9e, mais le pays est plong\u00e9 dans une guerre civile depuis des mois d\u00e9j\u00e0. La [&hellip;]<\/p>\n","protected":false},"author":1763,"featured_media":0,"comment_status":"closed","ping_status":"closed","sticky":false,"template":"","format":"standard","meta":{"fifu_image_url":"","fifu_image_alt":"","footnotes":""},"categories":[78,54],"tags":[],"class_list":["post-44524","post","type-post","status-publish","format-standard","hentry","category-economie","category-maroc"],"_links":{"self":[{"href":"https:\/\/linitiative.ca\/International\/wp-json\/wp\/v2\/posts\/44524","targetHints":{"allow":["GET"]}}],"collection":[{"href":"https:\/\/linitiative.ca\/International\/wp-json\/wp\/v2\/posts"}],"about":[{"href":"https:\/\/linitiative.ca\/International\/wp-json\/wp\/v2\/types\/post"}],"author":[{"embeddable":true,"href":"https:\/\/linitiative.ca\/International\/wp-json\/wp\/v2\/users\/1763"}],"replies":[{"embeddable":true,"href":"https:\/\/linitiative.ca\/International\/wp-json\/wp\/v2\/comments?post=44524"}],"version-history":[{"count":0,"href":"https:\/\/linitiative.ca\/International\/wp-json\/wp\/v2\/posts\/44524\/revisions"}],"wp:attachment":[{"href":"https:\/\/linitiative.ca\/International\/wp-json\/wp\/v2\/media?parent=44524"}],"wp:term":[{"taxonomy":"category","embeddable":true,"href":"https:\/\/linitiative.ca\/International\/wp-json\/wp\/v2\/categories?post=44524"},{"taxonomy":"post_tag","embeddable":true,"href":"https:\/\/linitiative.ca\/International\/wp-json\/wp\/v2\/tags?post=44524"}],"curies":[{"name":"wp","href":"https:\/\/api.w.org\/{rel}","templated":true}]}}