{"id":44554,"date":"2019-07-05T12:14:00","date_gmt":"2019-07-05T16:14:00","guid":{"rendered":"https:\/\/linitiative.ca\/International\/le-noyau-des-institutions\/"},"modified":"2019-07-05T12:14:00","modified_gmt":"2019-07-05T16:14:00","slug":"le-noyau-des-institutions","status":"publish","type":"post","link":"https:\/\/linitiative.ca\/International\/le-noyau-des-institutions\/","title":{"rendered":"Le noyau  des institutions"},"content":{"rendered":"<p><br id=\"sep_para_1\" class=\"sep_para access\"\/><\/p>\n<div id=\"para_1\" class=\"para_32024063 resize\">\n<div class=\"texte access firstletter\">La Hirak du 22 f\u00e9vrier, tirant les le\u00e7ons des luttes pass\u00e9es, canalisant les aspirations populaires longtemps d\u00e9tourn\u00e9es voire \u00e9touff\u00e9es, veut des solutions aux contradictions de l\u2019\u00e9tape actuelle de la lutte. Le mouvement populaire, comprend divers secteurs sociaux (\u00e9tudiants, enseignants, travailleurs et ch\u00f4meurs, etc..) qui ont besoin de repr\u00e9sentation. Faut-il rappeler que d\u00e9signer des repr\u00e9sentants, disons par des \u00e9lections, ne garantit pas forc\u00e9ment la repr\u00e9sentation de tous les Alg\u00e9riens. La solution est donc un front populaire qui englobe tous les segments de la soci\u00e9t\u00e9. Ce large front populaire serait constitu\u00e9 d\u2019en bas par des comit\u00e9s populaires repr\u00e9sentant les divers secteurs sociaux. En effet, l\u2019exemple des \u00e9tudiants de l\u2019Universit\u00e9 d\u2019Alger 2, qui ont pris l\u2019initiative de constituer un \u201ccomit\u00e9 ind\u00e9pendant provisoire\u201d, qui servira de porte-parole officiel des \u00e9tudiants, est instructif. Alors, pourquoi ne devrions-nous pas soutenir une telle id\u00e9e ? Car nous pourrions former des comit\u00e9s dans toutes les universit\u00e9s alg\u00e9riennes puis les r\u00e9unir dans un comit\u00e9 national unifi\u00e9. Et apr\u00e8s avoir assur\u00e9 la repr\u00e9sentation de tous les \u00e9tudiants, nous pouvons g\u00e9n\u00e9raliser ce m\u00e9canisme aux autres secteurs de la soci\u00e9t\u00e9 alg\u00e9rienne, ces comit\u00e9s formeront le noyau des institutions de notre deuxi\u00e8me R\u00e9publique. Nous aurions donc r\u00e9ussi \u00e0 cr\u00e9er un cadre pour les \u00e9tudiants, permettant ainsi au nouveau comit\u00e9 national de devenir un \u201catelier\u201d pour proposer de nouvelles id\u00e9es et projets politiques, \u00e9conomique et sociales. Et \u00e9galement de mobiliser, conscientiser et organiser le peuple pour toute t\u00e2che ou action. Quelles sont les mesures par lesquelles nous pouvons faire fonctionner ces comit\u00e9s populaires dans la pratique? On revient ici \u00e0 l\u2019exemple du FLN historique, qui a rassembl\u00e9 tous les courants politiques oppos\u00e9s dans la poursuite d\u2019un objectif commun (lib\u00e9rer l\u2019Alg\u00e9rie) et a adopt\u00e9 une structure qui permettait une administration collective et emp\u00eachait tout conflit interne entre dirigeants, autrement dit, gestion d\u00e9centralis\u00e9e.<\/div>\n<\/div>\n<p>Auteur: Ismain<br \/>\n<a href=\"https:\/\/www.reflexiondz.net\/Le-noyau-des-institutions_a56417.html\">Cliquez ici pour lire l&rsquo;article depuis sa source.<\/a><\/p>\n","protected":false},"excerpt":{"rendered":"<p>La Hirak du 22 f\u00e9vrier, tirant les le\u00e7ons des luttes pass\u00e9es, canalisant les aspirations populaires longtemps d\u00e9tourn\u00e9es voire \u00e9touff\u00e9es, veut des solutions aux contradictions de l\u2019\u00e9tape actuelle de la lutte. Le mouvement populaire, comprend divers secteurs sociaux (\u00e9tudiants, enseignants, travailleurs et ch\u00f4meurs, etc..) qui ont besoin de repr\u00e9sentation. Faut-il rappeler que d\u00e9signer des repr\u00e9sentants, disons [&hellip;]<\/p>\n","protected":false},"author":1740,"featured_media":0,"comment_status":"closed","ping_status":"closed","sticky":false,"template":"","format":"standard","meta":{"fifu_image_url":"","fifu_image_alt":"","footnotes":""},"categories":[53,76],"tags":[],"class_list":["post-44554","post","type-post","status-publish","format-standard","hentry","category-algerie","category-regions"],"_links":{"self":[{"href":"https:\/\/linitiative.ca\/International\/wp-json\/wp\/v2\/posts\/44554","targetHints":{"allow":["GET"]}}],"collection":[{"href":"https:\/\/linitiative.ca\/International\/wp-json\/wp\/v2\/posts"}],"about":[{"href":"https:\/\/linitiative.ca\/International\/wp-json\/wp\/v2\/types\/post"}],"author":[{"embeddable":true,"href":"https:\/\/linitiative.ca\/International\/wp-json\/wp\/v2\/users\/1740"}],"replies":[{"embeddable":true,"href":"https:\/\/linitiative.ca\/International\/wp-json\/wp\/v2\/comments?post=44554"}],"version-history":[{"count":0,"href":"https:\/\/linitiative.ca\/International\/wp-json\/wp\/v2\/posts\/44554\/revisions"}],"wp:attachment":[{"href":"https:\/\/linitiative.ca\/International\/wp-json\/wp\/v2\/media?parent=44554"}],"wp:term":[{"taxonomy":"category","embeddable":true,"href":"https:\/\/linitiative.ca\/International\/wp-json\/wp\/v2\/categories?post=44554"},{"taxonomy":"post_tag","embeddable":true,"href":"https:\/\/linitiative.ca\/International\/wp-json\/wp\/v2\/tags?post=44554"}],"curies":[{"name":"wp","href":"https:\/\/api.w.org\/{rel}","templated":true}]}}