{"id":44555,"date":"2019-07-05T12:14:00","date_gmt":"2019-07-05T16:14:00","guid":{"rendered":"https:\/\/linitiative.ca\/International\/justice-le-maire-de-hassi-messaoud-place-en-detention-preventive\/"},"modified":"2019-07-05T12:14:00","modified_gmt":"2019-07-05T16:14:00","slug":"justice-le-maire-de-hassi-messaoud-place-en-detention-preventive","status":"publish","type":"post","link":"https:\/\/linitiative.ca\/International\/justice-le-maire-de-hassi-messaoud-place-en-detention-preventive\/","title":{"rendered":"JUSTICE : Le maire de Hassi-Messaoud plac\u00e9 en d\u00e9tention pr\u00e9ventive"},"content":{"rendered":"<p><br id=\"sep_para_1\" class=\"sep_para access\"\/><\/p>\n<div id=\"para_1\" class=\"para_32024059 resize\">\n<div class=\"texte access firstletter\">Le pr\u00e9sident de l\u2019Assembl\u00e9e populaire communale de Hassi-Messaoud a \u00e9t\u00e9 plac\u00e9, mardi, en d\u00e9tention pr\u00e9ventive, et dix autres personnes ont \u00e9t\u00e9 plac\u00e9es sous contr\u00f4le judiciaire, a appris\u00a0 l\u2019APS du procureur g\u00e9n\u00e9ral de la cour de Ouargla. Le pr\u00e9sident de l\u2019APC de Hassi-Messaoud, un fonctionnaire et neuf membres de la commission d\u2019\u00e9valuation des offres ont \u00e9t\u00e9 auditionn\u00e9s par le magistrat instructeur du tribunal de Touggourt, qui a plac\u00e9 le premier en d\u00e9tention pr\u00e9ventive et les dix autres sous contr\u00f4le judiciaire, pour \u00aboctroi d\u2019indus avantages\u00bb, \u00ababus de fonction\u00bb et \u00abdilapidation de deniers publics\u00bb, a pr\u00e9cis\u00e9\u00a0 Abdelkader Tachouche. Ces d\u00e9cisions de justice ont \u00e9t\u00e9 prises en vertu des articles 26, 29 et 33 de la loi 06-01 relative \u00e0 la pr\u00e9vention et \u00e0 la lutte contre la corruption, a-t-il ajout\u00e9.\u00a0\u00a0\u00a0<\/div>\n<\/div>\n<p>Auteur: Nadine<br \/>\n<a href=\"https:\/\/www.reflexiondz.net\/JUSTICE-Le-maire-de-Hassi-Messaoud-place-en-detention-preventive_a56416.html\">Cliquez ici pour lire l&rsquo;article depuis sa source.<\/a><\/p>\n","protected":false},"excerpt":{"rendered":"<p>Le pr\u00e9sident de l\u2019Assembl\u00e9e populaire communale de Hassi-Messaoud a \u00e9t\u00e9 plac\u00e9, mardi, en d\u00e9tention pr\u00e9ventive, et dix autres personnes ont \u00e9t\u00e9 plac\u00e9es sous contr\u00f4le judiciaire, a appris\u00a0 l\u2019APS du procureur g\u00e9n\u00e9ral de la cour de Ouargla. Le pr\u00e9sident de l\u2019APC de Hassi-Messaoud, un fonctionnaire et neuf membres de la commission d\u2019\u00e9valuation des offres ont \u00e9t\u00e9 [&hellip;]<\/p>\n","protected":false},"author":1740,"featured_media":0,"comment_status":"closed","ping_status":"closed","sticky":false,"template":"","format":"standard","meta":{"fifu_image_url":"","fifu_image_alt":"","footnotes":""},"categories":[53,76],"tags":[],"class_list":["post-44555","post","type-post","status-publish","format-standard","hentry","category-algerie","category-regions"],"_links":{"self":[{"href":"https:\/\/linitiative.ca\/International\/wp-json\/wp\/v2\/posts\/44555","targetHints":{"allow":["GET"]}}],"collection":[{"href":"https:\/\/linitiative.ca\/International\/wp-json\/wp\/v2\/posts"}],"about":[{"href":"https:\/\/linitiative.ca\/International\/wp-json\/wp\/v2\/types\/post"}],"author":[{"embeddable":true,"href":"https:\/\/linitiative.ca\/International\/wp-json\/wp\/v2\/users\/1740"}],"replies":[{"embeddable":true,"href":"https:\/\/linitiative.ca\/International\/wp-json\/wp\/v2\/comments?post=44555"}],"version-history":[{"count":0,"href":"https:\/\/linitiative.ca\/International\/wp-json\/wp\/v2\/posts\/44555\/revisions"}],"wp:attachment":[{"href":"https:\/\/linitiative.ca\/International\/wp-json\/wp\/v2\/media?parent=44555"}],"wp:term":[{"taxonomy":"category","embeddable":true,"href":"https:\/\/linitiative.ca\/International\/wp-json\/wp\/v2\/categories?post=44555"},{"taxonomy":"post_tag","embeddable":true,"href":"https:\/\/linitiative.ca\/International\/wp-json\/wp\/v2\/tags?post=44555"}],"curies":[{"name":"wp","href":"https:\/\/api.w.org\/{rel}","templated":true}]}}