{"id":44573,"date":"2019-07-05T15:53:09","date_gmt":"2019-07-05T19:53:09","guid":{"rendered":"https:\/\/linitiative.ca\/International\/chlef-les-manifestants-exigent-la-liberation-de-bouregaa\/"},"modified":"2019-07-05T15:53:09","modified_gmt":"2019-07-05T19:53:09","slug":"chlef-les-manifestants-exigent-la-liberation-de-bouregaa","status":"publish","type":"post","link":"https:\/\/linitiative.ca\/International\/chlef-les-manifestants-exigent-la-liberation-de-bouregaa\/","title":{"rendered":"Chlef : Les manifestants exigent la lib\u00e9ration de Bourega\u00e2"},"content":{"rendered":"<h4 class=\"title-14\"\/>\n<div class=\"featured_image\"><img width=\"1100\" height=\"825\" data-cfsrc=\"https:\/\/www.elwatan.com\/wp-content\/uploads\/2019\/07\/marche-vendredi-5-juillet-e1562356326881.jpg\" class=\"attachment-post-thumbnail size-post-thumbnail wp-post-image c1\" alt=\"Chlef : Les manifestants exigent la lib\u00e9ration de Bourega\u00e2\"\/><noscript><\/p>\n<p><img loading=\"lazy\" decoding=\"async\" width=\"1100\" height=\"825\" src=\"https:\/\/www.elwatan.com\/wp-content\/uploads\/2019\/07\/marche-vendredi-5-juillet-e1562356326881.jpg\" class=\"attachment-post-thumbnail size-post-thumbnail wp-post-image\" alt=\"Chlef : Les manifestants exigent la lib\u00e9ration de Bourega\u00e2\"\/><\/p>\n<p><\/noscript><\/div>\n<p>Malgr\u00e9 un vent chaud et une temp\u00e9rature \u00e9lev\u00e9e, la protestation pacifique pour le changement du syst\u00e8me politique dans le pays, s\u2019est poursuivie ce \u00a0vendredi 5 juillet, dans les rues de la ville de Chlef.<\/p>\n<p>Outre les slogans habituels scand\u00e9s depuis le 22 f\u00e9vrier dernier, les manifestants ont d\u00e9ploy\u00e9 notamment \u00a0des photos du moudjahid Lakhdar Bouregaa, exigeant sa lib\u00e9ration imm\u00e9diate sans conditions\u00a0.Pour eux, l\u2019ex commandant de la wilaya IV est un moudjahid authentique qui ne m\u00e9rite pas d\u2019\u00eatre jet\u00e9 en prison \u00e0 la veille de la c\u00e9l\u00e9bration de la f\u00eate de l\u2019ind\u00e9pendance et de la jeunesse.<\/p>\n<p>A signaler que la r\u00e9gion de Chlef faisait partie de la wilaya IV historique sous la direction du chef militaire Youcef El Khatib dit Si Hassen, natif de la ville des Oranges.<\/p>\n<p>\u00ab\u00a0 Pour cela, nous exigeons \u00a0sa lib\u00e9ration pure et simple\u00a0dans les meilleurs d\u00e9lais possibles \u00bb ont clam\u00e9 \u00a0les marcheurs sous un soleil tapant qui n\u2019incite gu\u00e8re \u00e0 mettre le nez dehors. A signaler que la r\u00e9gion de Chlef faisait partie de la wilaya IV historique sous la direction du chef militaire Youcef El Khatib dit Si Hassen, natif de la ville des Oranges.<\/p>\n<p>Les participants \u00e0 ce mouvement pacifique \u00a0ont, en outre, ret\u00e9ri\u00e9 leurs \u00a0revendications principales relatives notamment au d\u00e9part des deux B et \u00e0 l\u2019instauration d\u2019un Etat civil. C\u2019est la condition sine qua non, estiment-ils, pour amorcer le dialogue et pr\u00e9parer le terrain pour la transition souhait\u00e9e.<\/p>\n<p><span class=\"post-views-label\">Post Views:<\/span> <span class=\"post-views-count\">2<\/span><\/p>\n<p>Auteur: Mohand Yahiaoui<br \/>\n<a href=\"https:\/\/www.elwatan.com\/edition\/actualite\/chlef-les-manifestants-exigent-la-liberation-de-bouregaa-05-07-2019\">Cliquez ici pour lire l&rsquo;article depuis sa source.<\/a><\/p>\n","protected":false},"excerpt":{"rendered":"<p>Malgr\u00e9 un vent chaud et une temp\u00e9rature \u00e9lev\u00e9e, la protestation pacifique pour le changement du syst\u00e8me politique dans le pays, s\u2019est poursuivie ce \u00a0vendredi 5 juillet, dans les rues de la ville de Chlef. Outre les slogans habituels scand\u00e9s depuis le 22 f\u00e9vrier dernier, les manifestants ont d\u00e9ploy\u00e9 notamment \u00a0des photos du moudjahid Lakhdar Bouregaa, [&hellip;]<\/p>\n","protected":false},"author":1743,"featured_media":44574,"comment_status":"closed","ping_status":"closed","sticky":false,"template":"","format":"standard","meta":{"fifu_image_url":"","fifu_image_alt":"","footnotes":""},"categories":[73,53],"tags":[],"class_list":["post-44573","post","type-post","status-publish","format-standard","has-post-thumbnail","hentry","category-actualite","category-algerie"],"_links":{"self":[{"href":"https:\/\/linitiative.ca\/International\/wp-json\/wp\/v2\/posts\/44573","targetHints":{"allow":["GET"]}}],"collection":[{"href":"https:\/\/linitiative.ca\/International\/wp-json\/wp\/v2\/posts"}],"about":[{"href":"https:\/\/linitiative.ca\/International\/wp-json\/wp\/v2\/types\/post"}],"author":[{"embeddable":true,"href":"https:\/\/linitiative.ca\/International\/wp-json\/wp\/v2\/users\/1743"}],"replies":[{"embeddable":true,"href":"https:\/\/linitiative.ca\/International\/wp-json\/wp\/v2\/comments?post=44573"}],"version-history":[{"count":0,"href":"https:\/\/linitiative.ca\/International\/wp-json\/wp\/v2\/posts\/44573\/revisions"}],"wp:featuredmedia":[{"embeddable":true,"href":"https:\/\/linitiative.ca\/International\/wp-json\/"}],"wp:attachment":[{"href":"https:\/\/linitiative.ca\/International\/wp-json\/wp\/v2\/media?parent=44573"}],"wp:term":[{"taxonomy":"category","embeddable":true,"href":"https:\/\/linitiative.ca\/International\/wp-json\/wp\/v2\/categories?post=44573"},{"taxonomy":"post_tag","embeddable":true,"href":"https:\/\/linitiative.ca\/International\/wp-json\/wp\/v2\/tags?post=44573"}],"curies":[{"name":"wp","href":"https:\/\/api.w.org\/{rel}","templated":true}]}}