{"id":44575,"date":"2019-07-05T15:56:08","date_gmt":"2019-07-05T19:56:08","guid":{"rendered":"https:\/\/linitiative.ca\/International\/mascara-un-20e-vendredi-au-gout-de-lindependance\/"},"modified":"2019-07-05T15:56:08","modified_gmt":"2019-07-05T19:56:08","slug":"mascara-un-20e-vendredi-au-gout-de-lindependance","status":"publish","type":"post","link":"https:\/\/linitiative.ca\/International\/mascara-un-20e-vendredi-au-gout-de-lindependance\/","title":{"rendered":"MASCARA : Un 20e vendredi au go\u00fbt de l\u2019ind\u00e9pendance"},"content":{"rendered":"<h4 class=\"title-14\"\/>\n<div class=\"featured_image\"><img width=\"1142\" height=\"640\" data-cfsrc=\"https:\/\/www.elwatan.com\/wp-content\/uploads\/2019\/07\/Un-20e-vendredi-au-go\u00fbt-de-l\u2019ind\u00e9pendance-\u00e0-Mascara.jpg\" class=\"attachment-post-thumbnail size-post-thumbnail wp-post-image c1\" alt=\"Un 20e vendredi au go\u00fbt de l\u2019ind\u00e9pendance \u00e0 Mascara\" srcset=\"https:\/\/www.elwatan.com\/wp-content\/uploads\/2019\/07\/Un-20e-vendredi-au-go\u00fbt-de-l\u2019ind\u00e9pendance-\u00e0-Mascara.jpg 1142w, https:\/\/www.elwatan.com\/wp-content\/uploads\/2019\/07\/Un-20e-vendredi-au-go\u00fbt-de-l\u2019ind\u00e9pendance-\u00e0-Mascara-300x168.jpg 300w, https:\/\/www.elwatan.com\/wp-content\/uploads\/2019\/07\/Un-20e-vendredi-au-go\u00fbt-de-l\u2019ind\u00e9pendance-\u00e0-Mascara-768x430.jpg 768w, https:\/\/www.elwatan.com\/wp-content\/uploads\/2019\/07\/Un-20e-vendredi-au-go\u00fbt-de-l\u2019ind\u00e9pendance-\u00e0-Mascara-1024x574.jpg 1024w\" sizes=\"(max-width: 1142px) 100vw, 1142px\"\/><noscript><\/p>\n<p><img loading=\"lazy\" decoding=\"async\" width=\"1142\" height=\"640\" src=\"https:\/\/www.elwatan.com\/wp-content\/uploads\/2019\/07\/Un-20e-vendredi-au-go%C3%BBt-de-l%E2%80%99ind%C3%A9pendance-%C3%A0-Mascara.jpg\" class=\"attachment-post-thumbnail size-post-thumbnail wp-post-image\" alt=\"Un 20e vendredi au go\u00fbt de l\u2019ind\u00e9pendance \u00e0 Mascara\" srcset=\"https:\/\/www.elwatan.com\/wp-content\/uploads\/2019\/07\/Un-20e-vendredi-au-go\u00fbt-de-l\u2019ind\u00e9pendance-\u00e0-Mascara.jpg 1142w, https:\/\/www.elwatan.com\/wp-content\/uploads\/2019\/07\/Un-20e-vendredi-au-go\u00fbt-de-l\u2019ind\u00e9pendance-\u00e0-Mascara-300x168.jpg 300w, https:\/\/www.elwatan.com\/wp-content\/uploads\/2019\/07\/Un-20e-vendredi-au-go\u00fbt-de-l\u2019ind\u00e9pendance-\u00e0-Mascara-768x430.jpg 768w, https:\/\/www.elwatan.com\/wp-content\/uploads\/2019\/07\/Un-20e-vendredi-au-go\u00fbt-de-l\u2019ind\u00e9pendance-\u00e0-Mascara-1024x574.jpg 1024w\" sizes=\"auto, (max-width: 1142px) 100vw, 1142px\"\/><\/p>\n<p><\/noscript><\/div>\n<p><strong>El Hirak Echa\u00e2bi (Le mouvement populaire) \u00e0 Mascara est en bonne sant\u00e9. Les appels \u00e0 ne pas sortir dans la rue en ce 20<sup>e<\/sup> Vendredi de mobilisation lanc\u00e9s par les partisans de la division ont \u00e9t\u00e9 purement et simplement rejet\u00e9 par la population du Hirak.<\/strong><\/p>\n<p>Malgr\u00e9 la chaleur suffocante, le nombre des participants \u00e0 la marche \u00e9tait tr\u00e8s important. Hommes et femmes accompagn\u00e9s de leurs enfants, drap\u00e9s dans l\u2019embl\u00e8me national et des bouteilles d\u2019eau \u00e0 la main, ont tous dit, d\u2019une m\u00eame voix, \u00ab<em>Lib\u00e9rer l\u2019Alg\u00e9rie<\/em>\u00bb, \u00ab<em>Dawla madaniya machi \u00e2skaria (\u00c9tat civil et non pas militaire)<\/em>\u00bb et \u00abMakanche intikhabate ma\u00e2 issabate <em>(Pas d\u2019\u00e9lections avec les bandes de voleurs)<\/em>.\u00bb<\/p>\n<p><strong>\u00a0<\/strong><strong>Le FLN de plus en plus d\u00e9testable et d\u00e9test\u00e9.<\/strong><\/p>\n<p>\u00c0 14h30, les militants du hirak en entam\u00e9e leur marche \u00e0 partir de la place \u00c9mir Abdelkader, en plein centre-ville de Mascara, sous le slogan\u00a0: \u00ab<em>Dawla madaniya machi \u00e2skaria (\u00c9tat civil et non pas militaire).<\/em>\u00bb Arriv\u00e9s devant le si\u00e8ge de l\u2019ex-parti unique, le FLN en l\u2019occurrence, une longue halte sera observ\u00e9e. Les portes de cette b\u00e2tisse qui sert de refuge des monadiline (militants) sont ferm\u00e9es, depuis le 22 f\u00e9vrier dernier, jour de mobilisation nationale contre le r\u00e9gime de Bouteflika. Sur les lieux, d\u2019une m\u00eame voix, les marcheurs ont scand\u00e9s\u00a0: \u00ab<em>FLN d\u00e9gage<\/em>\u00bb, \u00ab<em>RND, FLN, d\u00e9gagez<\/em>\u00bb et \u00ab<em>Makanche intikhabate ma\u00e2 issabate (Pas d\u2019\u00e9lections avec les bandes de voleurs).<\/em>\u00bb<\/p>\n<p><strong>\u00a0<\/strong><\/p>\n<p><strong>\u00c9charpes (Ch\u00e8ches) noires.<\/strong><\/p>\n<p>En ce 20<sup>e<\/sup> Vendredi, de nombreux militants ont port\u00e9s des \u00e9charpes noires (Ch\u00e8ches), signe de tristesse. Il y avait une vrai solidarit\u00e9 avec les activistes du mouvement populaire interpell\u00e9s \u00e0 travers les diff\u00e9rentes r\u00e9gions du pays et risquent des peines de prison. \u00ab<em>Nous sommes en deuil, nous sommes tristes. Nos fr\u00e8res et amis sont en prison pour avoir simplement fait dans la contradiction qui d\u00e9range le pouvoir en place. Nous demandons leur lib\u00e9ration pure et simple<\/em>\u00bb, dira Djamel Belleg, un activiste irr\u00e9ductible.<\/p>\n<p><strong>\u00a0<\/strong><strong>D\u00e9termin\u00e9s \u00e0 poursuivre le combat.<\/strong><\/p>\n<p>Les mascar\u00e9ens, notamment les militants du hirak, sont d\u00e9termin\u00e9s \u00e0 poursuive leur mouvement populaire pacifique. \u00ab<em>Nous sommes tous oblig\u00e9s de poursuivre notre chemin pour une d\u00e9mocratie majeure et une justice ind\u00e9pendante<\/em>\u00bb, nous dira Sofiane Fliti. De son c\u00f4t\u00e9, l\u2019enseignant universitaire, militant des droits de l\u2019homme et journaliste, Bahlouli Abou El Fadl, tiens \u00e0 souligner : \u00ab<em>Nous sommes d\u00e9termin\u00e9s \u00e0 poursuivre le combat pacifique et participer \u00e0 la lutte contre la corruption.\u00a0\u00bb Et d\u2019ajouter\u00a0: \u00abIl ne peut avoir d\u2019\u00e9lections avec cette composante du pouvoir et la r\u00e9vision de la loi \u00e9lectorale s\u2019impose.<\/em>\u00bb<\/p>\n<p><strong>\u00a0<\/strong><strong>Les enfants du Hirak<\/strong><\/p>\n<p>Ils \u00e9taient tr\u00e8s nombreux les enfants \u00e0 marcher aux c\u00f4t\u00e9s de leurs parents et proches. Drap\u00e9s chacun dans un embl\u00e8me national et des bouteilles d\u2019eau \u00e0 la main, les enfants du Hirak, filles et gar\u00e7ons, ont aussi parcouru plus de trois kilom\u00e8tres du trajet de la marche. Kaouthar, Mohamed Fawzi et Firdaousse ont venus de Mamounia (\u00e0 2 km de Mascara) et Khabar Mohamed Allae est venu de Ain Fekan (\u00e0 20 km de Mascara) rencontr\u00e9 aux c\u00f4t\u00e9 du Dr Djamel Bouzid, m\u00e9decin du Hirak. \u00ab<em>Nous refusons que l\u2019avenir de nos enfants soit hypoth\u00e9qu\u00e9<\/em>\u00bb, nous dit-il.<\/p>\n<p><strong>\u00a0<\/strong><strong>Alerte\u00a0: Zone humide de la Macta en danger<\/strong><\/p>\n<p>L\u2019information sur l\u2019attribution des terres agricoles de la zone humide de la Macta \u00e0 des hommes d\u2019affaires ayant des relations avec de grosses pontes a fait r\u00e9agir de nombreux militants du Hirak. Des slogans appelant \u00e0 l\u2019ouverture d\u2019une enqu\u00eate judiciaire sur cette affaire et autres relatives aux fonciers industriels ont \u00e9t\u00e9 scand\u00e9.<\/p>\n<p><span class=\"post-views-label\">Post Views:<\/span> <span class=\"post-views-count\">83<\/span><\/p>\n<p>Auteur: Mohand Yahiaoui<br \/>\n<a href=\"https:\/\/www.elwatan.com\/edition\/actualite\/mascara-un-20e-vendredi-au-gout-de-lindependance-05-07-2019\">Cliquez ici pour lire l&rsquo;article depuis sa source.<\/a><\/p>\n","protected":false},"excerpt":{"rendered":"<p>El Hirak Echa\u00e2bi (Le mouvement populaire) \u00e0 Mascara est en bonne sant\u00e9. Les appels \u00e0 ne pas sortir dans la rue en ce 20e Vendredi de mobilisation lanc\u00e9s par les partisans de la division ont \u00e9t\u00e9 purement et simplement rejet\u00e9 par la population du Hirak. Malgr\u00e9 la chaleur suffocante, le nombre des participants \u00e0 la [&hellip;]<\/p>\n","protected":false},"author":1743,"featured_media":44576,"comment_status":"closed","ping_status":"closed","sticky":false,"template":"","format":"standard","meta":{"fifu_image_url":"","fifu_image_alt":"","footnotes":""},"categories":[73,53],"tags":[],"class_list":["post-44575","post","type-post","status-publish","format-standard","has-post-thumbnail","hentry","category-actualite","category-algerie"],"_links":{"self":[{"href":"https:\/\/linitiative.ca\/International\/wp-json\/wp\/v2\/posts\/44575","targetHints":{"allow":["GET"]}}],"collection":[{"href":"https:\/\/linitiative.ca\/International\/wp-json\/wp\/v2\/posts"}],"about":[{"href":"https:\/\/linitiative.ca\/International\/wp-json\/wp\/v2\/types\/post"}],"author":[{"embeddable":true,"href":"https:\/\/linitiative.ca\/International\/wp-json\/wp\/v2\/users\/1743"}],"replies":[{"embeddable":true,"href":"https:\/\/linitiative.ca\/International\/wp-json\/wp\/v2\/comments?post=44575"}],"version-history":[{"count":0,"href":"https:\/\/linitiative.ca\/International\/wp-json\/wp\/v2\/posts\/44575\/revisions"}],"wp:featuredmedia":[{"embeddable":true,"href":"https:\/\/linitiative.ca\/International\/wp-json\/"}],"wp:attachment":[{"href":"https:\/\/linitiative.ca\/International\/wp-json\/wp\/v2\/media?parent=44575"}],"wp:term":[{"taxonomy":"category","embeddable":true,"href":"https:\/\/linitiative.ca\/International\/wp-json\/wp\/v2\/categories?post=44575"},{"taxonomy":"post_tag","embeddable":true,"href":"https:\/\/linitiative.ca\/International\/wp-json\/wp\/v2\/tags?post=44575"}],"curies":[{"name":"wp","href":"https:\/\/api.w.org\/{rel}","templated":true}]}}