{"id":44577,"date":"2019-07-05T07:28:00","date_gmt":"2019-07-05T11:28:00","guid":{"rendered":"https:\/\/linitiative.ca\/International\/en-photos-pourquoi-youssef-chahed-sest-rendu-a-el-gorjani-qg-de-la-police-judiciaire\/"},"modified":"2019-07-05T07:28:00","modified_gmt":"2019-07-05T11:28:00","slug":"en-photos-pourquoi-youssef-chahed-sest-rendu-a-el-gorjani-qg-de-la-police-judiciaire","status":"publish","type":"post","link":"https:\/\/linitiative.ca\/International\/en-photos-pourquoi-youssef-chahed-sest-rendu-a-el-gorjani-qg-de-la-police-judiciaire\/","title":{"rendered":"En photos &#8211; Pourquoi Youssef Chahed s&rsquo;est rendu \u00e0 El Gorjani, QG de la Police Judiciaire"},"content":{"rendered":"<p>C\u2019\u00e9tait indispensable qu\u2019il s\u2019y rende, mercredi matin, pour f\u00e9liciter les \u00e9quipes de leurs prouesses dans la lutte anti-terroristes et galvaniser leurs \u00e9nergies. Youssef Chahed devait passer plusieurs messages: aux forces de s\u00e9curit\u00e9 int\u00e9rieure, aux Tunisiens \u00e0 l\u2019\u00e9tranger et aux terroristes. La veille, les \u00e9l\u00e9ments de l\u2019Unit\u00e9 nationale d\u2019enqu\u00eates dans les affaires de terrorisme (UNECT) ont r\u00e9ussi la neutralisation, \u00e0 la cit\u00e9 El Intilaka, du djihadiste Aymen Smiri. Cerveau des attentats terroristes perp\u00e9tr\u00e9s par deux de ses complices kamikaze, jeudi 27 juin derniers en plein centre-ville de Tunis et devant le quartier g\u00e9n\u00e9ral de la Police judiciaire \u00e0 El Gorjani, il \u00e9tait \u00e0 la t\u00eate d\u2019une cellule de six takfiristes\u00a0: deux auto-explos\u00e9s, trois arr\u00eat\u00e9s et il \u00e9tait alors en fuite. L\u2019identifier, le retrouver, comme ses deux autres acolytes arr\u00eat\u00e9s, et le neutraliser sans d\u00e9g\u00e2ts pour d\u2019autres personnes, en le poussant dans une zone sans r\u00e9el danger pour les riverains, le tout en si peu de temps, rel\u00e8ve d\u2019un grand professionnalisme.<\/p>\n<p class=\"c2\"><img decoding=\"async\" src=\"\/uploads\/FCK_files\/IMG0201.jpg\" alt=\"\" width=\"100%\" vspace=\"5\" hspace=\"5\" align=\"middle\"\/><\/p>\n<p>Youssef Chahed n\u2019a pas manqu\u00e9 alors d\u2019y rendre hommage. Au lieu de pr\u00e9sider le conseil des ministres pr\u00e9vu \u00e0 10 heures \u00e0 la Kasbah, il a d\u00e9cid\u00e9 de repousser d\u2019une heure cette r\u00e9union, et de se rendre \u00e0 El Gorjani.<\/p>\n<p><img decoding=\"async\" src=\"\/uploads\/FCK_files\/D644597.jpg\" alt=\"\" width=\"100%\" vspace=\"5\" hspace=\"5\" align=\"middle\"\/><\/p>\n<p>Accompagn\u00e9 du ministre de l\u2019Int\u00e9rieur, Hichem Fourati, et des hauts patrons de la suret\u00e9 nationale, Youssef Chahed \u00e9tait en mission d\u2019hommage, de f\u00e9licitation, d\u2019encouragement et de mobilisation. N\u2019ayant rien de particulier ou de concret \u00e0 offrir aux \u00e9quipes (promotions, d\u00e9corations, primes\u2026), il ne pouvait que saluer leur patriotisme, leur bravoure et leurs exploits. En s\u00e9curitaires d\u00e9vou\u00e9s, la reconnaissance que leur exprime la R\u00e9publique est \u00e0 la fois r\u00e9confort et motivation. C\u2019est aussi l\u2019occasion pour le chef du gouvernement pour galvaniser et les \u00e9nergies et r\u00e9it\u00e9rer la d\u00e9termination de l\u2019Etat, \u00e0 intensifier la lutte contre le terrorisme.<\/p>\n<h2>Une urgence de reconstruction<\/h2>\n<p>Aux portes de Tunis, pr\u00e8s de Bab Menara, surmontant la Sebkha de Sidjoumi et non loin du boulevard du 9 Avril et de la Kasbah, l\u2019ancienne caserne militaire fran\u00e7aise d\u2019El Gorjani abrite le quartier g\u00e9n\u00e9ral de la Police judiciaire et de nombreuses de ses brigades. Elle tire son nom de celui d\u2019un illustre savant v\u00e9n\u00e9r\u00e9, Sidi El Gorjani, une porte de la deuxi\u00e8me ceinture de la capitale, datant de l\u2019\u00e9poque turque, lui est d\u00e9di\u00e9e.<\/p>\n<p><img decoding=\"async\" src=\"\/uploads\/FCK_files\/IMG0180.jpg\" alt=\"\" width=\"100%\" align=\"middle\"\/><\/p>\n<p>Malgr\u00e9 la v\u00e9tust\u00e9 des locaux (qui datent du d\u00e9but du si\u00e8cle dernier en style hangars, \u00e9curies, maisonnettes de ferme\u2026) et de leur exigu\u00eft\u00e9, la \u00ab\u00a0caserne El Gorjani\u00a0\u00bb les brigades Criminelle, Economique, des M\u0153urs, Anti-Stup et autres ont \u00e9t\u00e9 cas\u00e9es, travaillant dans des conditions difficiles mais parvenant \u00e0 faire un travail exceptionnel. Alors ministre de l\u2019Int\u00e9rieur (2011), Habib Essid s\u2019engagera \u00e0 r\u00e9habiliter le site. Devenu chef du Gouvernement en 2015, il y mettra les budgets disponibles. Sur la m\u00eame trace, son successeur \u00e0 la Kasbah, Youssef Chahed s\u2019y mettra, bien que les budgets restent tr\u00e8s modestes.<\/p>\n<p><img decoding=\"async\" src=\"\/uploads\/FCK_files\/IMG0371.jpg\" alt=\"\" width=\"100%\" vspace=\"5\" hspace=\"5\" align=\"middle\"\/><\/p>\n<p>Face \u00e0 la sp\u00e9cificit\u00e9 de la t\u00e2che qui incombe \u00e0 la Police Judiciaire, encore plus en ces temps tr\u00e8s particuliers, c\u2019est sans doute le moment d\u2019envisager, non pas de modiques r\u00e9habilitation d\u2019El Gorjani, mais une totale reconstruction, dans la fonctionnalit\u00e9, la modernit\u00e9 et la s\u00e9curit\u00e9. Le concours des pays amis sera utile.<\/p>\n<p>Auteur:<br \/>\n<a href=\"https:\/\/www.leaders.com.tn\/article\/27443-en-photos-d-el-gorjani-la-visite-de-youssef-chahed-au-qg-de-la-police-judiciaire\">Cliquez ici pour lire l&rsquo;article depuis sa source.<\/a><\/p>\n","protected":false},"excerpt":{"rendered":"<p>C\u2019\u00e9tait indispensable qu\u2019il s\u2019y rende, mercredi matin, pour f\u00e9liciter les \u00e9quipes de leurs prouesses dans la lutte anti-terroristes et galvaniser leurs \u00e9nergies. Youssef Chahed devait passer plusieurs messages: aux forces de s\u00e9curit\u00e9 int\u00e9rieure, aux Tunisiens \u00e0 l\u2019\u00e9tranger et aux terroristes. La veille, les \u00e9l\u00e9ments de l\u2019Unit\u00e9 nationale d\u2019enqu\u00eates dans les affaires de terrorisme (UNECT) ont [&hellip;]<\/p>\n","protected":false},"author":1772,"featured_media":44578,"comment_status":"closed","ping_status":"closed","sticky":false,"template":"","format":"standard","meta":{"fifu_image_url":"","fifu_image_alt":"","footnotes":""},"categories":[73,55],"tags":[],"class_list":["post-44577","post","type-post","status-publish","format-standard","has-post-thumbnail","hentry","category-actualite","category-tunisie"],"_links":{"self":[{"href":"https:\/\/linitiative.ca\/International\/wp-json\/wp\/v2\/posts\/44577","targetHints":{"allow":["GET"]}}],"collection":[{"href":"https:\/\/linitiative.ca\/International\/wp-json\/wp\/v2\/posts"}],"about":[{"href":"https:\/\/linitiative.ca\/International\/wp-json\/wp\/v2\/types\/post"}],"author":[{"embeddable":true,"href":"https:\/\/linitiative.ca\/International\/wp-json\/wp\/v2\/users\/1772"}],"replies":[{"embeddable":true,"href":"https:\/\/linitiative.ca\/International\/wp-json\/wp\/v2\/comments?post=44577"}],"version-history":[{"count":0,"href":"https:\/\/linitiative.ca\/International\/wp-json\/wp\/v2\/posts\/44577\/revisions"}],"wp:featuredmedia":[{"embeddable":true,"href":"https:\/\/linitiative.ca\/International\/wp-json\/"}],"wp:attachment":[{"href":"https:\/\/linitiative.ca\/International\/wp-json\/wp\/v2\/media?parent=44577"}],"wp:term":[{"taxonomy":"category","embeddable":true,"href":"https:\/\/linitiative.ca\/International\/wp-json\/wp\/v2\/categories?post=44577"},{"taxonomy":"post_tag","embeddable":true,"href":"https:\/\/linitiative.ca\/International\/wp-json\/wp\/v2\/tags?post=44577"}],"curies":[{"name":"wp","href":"https:\/\/api.w.org\/{rel}","templated":true}]}}