{"id":44593,"date":"2019-07-05T09:15:42","date_gmt":"2019-07-05T13:15:42","guid":{"rendered":"https:\/\/linitiative.ca\/International\/bac-2019-ambiance-des-resultats-au-lycee-lyautey\/"},"modified":"2019-07-05T09:15:42","modified_gmt":"2019-07-05T13:15:42","slug":"bac-2019-ambiance-des-resultats-au-lycee-lyautey","status":"publish","type":"post","link":"https:\/\/linitiative.ca\/International\/bac-2019-ambiance-des-resultats-au-lycee-lyautey\/","title":{"rendered":"Bac 2019 : ambiance des r\u00e9sultats au Lyc\u00e9e Lyautey"},"content":{"rendered":"<p><strong>Tout comme dans d\u2019autres \u00e9tablissements fran\u00e7ais au Maroc, les \u00e9l\u00e8ves du Lyc\u00e9e Lyautey se sont regroup\u00e9s devant l\u2019\u00e9tablissement, au boulevard Ziraoui, ce vendredi matin, pour conna\u00eetre les r\u00e9sultats du baccalaur\u00e9at.<\/strong><\/p>\n<div class=\"c10\"\/>\n<p>Anticipation et stress se lisaient sur les visages des \u00e9l\u00e8ves et leurs parents, ce vendredi 5 juillet 2019 devant le <strong>Lyc\u00e9e Lyautey<\/strong>. Et pour cause : aujourd\u2019hui est le jour des r\u00e9sultats du baccalaur\u00e9at.<\/p>\n<p>Au sein de la centaine d\u2019\u00e9l\u00e8ves, accompagn\u00e9s pour la majorit\u00e9 de leurs parents, la tension \u00e9tait palpable. Obtenir le pr\u00e9cieux s\u00e9same qui permettra \u00e0 certains d\u2019aller poursuivre leurs \u00e9tudes \u00e0 l\u2019\u00e9tranger (en France notamment) et \u00e0 d\u2019autres au Maroc est devenu une obsession. Pour d\u2019autres, le seul souci est la mention. \u00ab\u00a0Si on a bien r\u00e9vis\u00e9, c\u2019est normal qu\u2019on ait le <strong>baccalaur\u00e9at<\/strong>. Moi, j\u2019ai b\u00fbch\u00e9. Donc, je m\u2019attends \u00e0 avoir au moins une mention bien\u00a0\u00bb, nous confie, tout d\u00e9contract\u00e9, un \u00e9l\u00e8ve.<\/p>\n<p><img loading=\"lazy\" decoding=\"async\" class=\"size-large wp-image-112207\" src=\"https:\/\/www.challenge.ma\/wp-content\/uploads\/2019\/07\/Lyc%C3%A9e-Lyautey-1-1024x574.jpeg\" alt=\"\" width=\"1024\" height=\"574\" srcset=\"https:\/\/www.challenge.ma\/wp-content\/uploads\/2019\/07\/Lyc\u00e9e-Lyautey-1-1024x574.jpeg 1024w, https:\/\/www.challenge.ma\/wp-content\/uploads\/2019\/07\/Lyc\u00e9e-Lyautey-1-300x168.jpeg 300w, https:\/\/www.challenge.ma\/wp-content\/uploads\/2019\/07\/Lyc\u00e9e-Lyautey-1-768x431.jpeg 768w, https:\/\/www.challenge.ma\/wp-content\/uploads\/2019\/07\/Lyc\u00e9e-Lyautey-1-360x202.jpeg 360w, https:\/\/www.challenge.ma\/wp-content\/uploads\/2019\/07\/Lyc\u00e9e-Lyautey-1-750x421.jpeg 750w, https:\/\/www.challenge.ma\/wp-content\/uploads\/2019\/07\/Lyc\u00e9e-Lyautey-1.jpeg 1280w\" sizes=\"auto, (max-width: 1024px) 100vw, 1024px\"\/>\u00c9l\u00e8ves et parents se sont regroup\u00e9s devant le Lyc\u00e9e Lyautey dans l\u2019attente de l\u2019affichage des r\u00e9sultats.<\/p>\n<p>Du c\u00f4t\u00e9 des parents d\u2019\u00e9l\u00e8ves, dont des personnalit\u00e9s du monde politique et des affaires, c\u2019est le stress total. Certains \u00e9taient assis \u00e0 l\u2019int\u00e9rieur de leurs voitures, tandis que d\u2019autres \u00e9taient debout devant les portes du Lyc\u00e9e Lyautey. Regroup\u00e9s en petits groupes, les sourires affich\u00e9s cachaient \u00e0 peine leur angoisse. Il est 10h36 et les portes du lyc\u00e9e sont toujours ferm\u00e9es. La tension monte d\u2019un cran. Et puis, au fil des minutes qui s\u2019\u00e9coulaient difficilement pour les \u00e9l\u00e8ves mais aussi les parents, un cri de joie venait rompre les discussions anim\u00e9es\u00a0: ne pouvant pas supporter l\u2019attente, certains ont v\u00e9rifi\u00e9 leurs r\u00e9sultats sur leurs Smartphones. Ils \u00e9taient cependant minoritaires.<\/p>\n<p>Lire aussi :\u00a0<a href=\"https:\/\/www.challenge.ma\/france-les-etudiants-extra-europeens-payeront-plus-cher-101128\/\" target=\"_blank\" rel=\"noopener noreferrer\">France : les \u00e9tudiants extra-europ\u00e9ens payeront plus cher<\/a><\/p>\n<p>11h pass\u00e9e de quelques minutes, tout ce beau monde s\u2019est ru\u00e9 vers la porte du lyc\u00e9e relevant de l\u2019<strong>Agence de l\u2019Enseignement du Fran\u00e7ais \u00e0 l\u2019\u00c9tranger<\/strong> (AEFE), qui venait de s\u2019ouvrir. La tension monte encore d\u2019un cran. En moins de 5 minutes, la place du Lyc\u00e9e Lyautey donnant sur le boulevard Ziraoui se vide. Quelques minutes plus tard, les \u00e9l\u00e8ves et leurs parents commencent \u00e0 sortir du lyc\u00e9e. Pour la majorit\u00e9, accolades et larmes de joie. Pour d\u2019autres, la d\u00e9ception d\u2019avoir \u00e9t\u00e9 recal\u00e9.<\/p>\n<p><img loading=\"lazy\" decoding=\"async\" class=\"size-large wp-image-112211\" src=\"https:\/\/www.challenge.ma\/wp-content\/uploads\/2019\/07\/Lyc%C3%A9e-Lyautey-5-1024x575.jpeg\" alt=\"\" width=\"1024\" height=\"575\" srcset=\"https:\/\/www.challenge.ma\/wp-content\/uploads\/2019\/07\/Lyc\u00e9e-Lyautey-5-1024x575.jpeg 1024w, https:\/\/www.challenge.ma\/wp-content\/uploads\/2019\/07\/Lyc\u00e9e-Lyautey-5-300x169.jpeg 300w, https:\/\/www.challenge.ma\/wp-content\/uploads\/2019\/07\/Lyc\u00e9e-Lyautey-5-768x431.jpeg 768w, https:\/\/www.challenge.ma\/wp-content\/uploads\/2019\/07\/Lyc\u00e9e-Lyautey-5-360x202.jpeg 360w, https:\/\/www.challenge.ma\/wp-content\/uploads\/2019\/07\/Lyc\u00e9e-Lyautey-5-750x421.jpeg 750w, https:\/\/www.challenge.ma\/wp-content\/uploads\/2019\/07\/Lyc\u00e9e-Lyautey-5.jpeg 1280w\" sizes=\"auto, (max-width: 1024px) 100vw, 1024px\"\/>Pour la majorit\u00e9, accolade et larmes de joie.<\/p>\n<p>Pour rappel, le r\u00e9seau des \u00e9tablissements scolaires d\u2019<strong>enseignement<\/strong> fran\u00e7ais au Maroc est l\u2019un des plus denses au monde. Il scolarise \u00e0 la rentr\u00e9e 2017, un peu plus de 37.000 \u00e9l\u00e8ves, dont plus de 60% sont Marocains, dans quarante \u00e9tablissements couvrant les principales villes du Maroc \u00e0 tous les niveaux d\u2019enseignement.<\/p>\n<div class=\"c17\">\n<fieldset class=\"c16\">\n<legend><strong><span class=\"c11\">Challenge<\/span><span class=\"c12\">news<\/span><\/strong><\/legend>\n<div class=\"c15\">Le meilleur de la r\u00e9daction s\u00e9lectionn\u00e9 par Challenge :<\/p>\n<\/div>\n<\/fieldset>\n<\/div>\n<p>Auteur: Karim Handaoui<br \/>\n<a href=\"https:\/\/www.challenge.ma\/bac-2019-ambiance-des-resultats-au-lycee-lyautey-112206\/\">Cliquez ici pour lire l&rsquo;article depuis sa source.<\/a><\/p>\n","protected":false},"excerpt":{"rendered":"<p>Tout comme dans d\u2019autres \u00e9tablissements fran\u00e7ais au Maroc, les \u00e9l\u00e8ves du Lyc\u00e9e Lyautey se sont regroup\u00e9s devant l\u2019\u00e9tablissement, au boulevard Ziraoui, ce vendredi matin, pour conna\u00eetre les r\u00e9sultats du baccalaur\u00e9at. Anticipation et stress se lisaient sur les visages des \u00e9l\u00e8ves et leurs parents, ce vendredi 5 juillet 2019 devant le Lyc\u00e9e Lyautey. Et pour cause [&hellip;]<\/p>\n","protected":false},"author":1787,"featured_media":44594,"comment_status":"closed","ping_status":"closed","sticky":false,"template":"","format":"standard","meta":{"fifu_image_url":"","fifu_image_alt":"","footnotes":""},"categories":[78,54],"tags":[],"class_list":["post-44593","post","type-post","status-publish","format-standard","has-post-thumbnail","hentry","category-economie","category-maroc"],"_links":{"self":[{"href":"https:\/\/linitiative.ca\/International\/wp-json\/wp\/v2\/posts\/44593","targetHints":{"allow":["GET"]}}],"collection":[{"href":"https:\/\/linitiative.ca\/International\/wp-json\/wp\/v2\/posts"}],"about":[{"href":"https:\/\/linitiative.ca\/International\/wp-json\/wp\/v2\/types\/post"}],"author":[{"embeddable":true,"href":"https:\/\/linitiative.ca\/International\/wp-json\/wp\/v2\/users\/1787"}],"replies":[{"embeddable":true,"href":"https:\/\/linitiative.ca\/International\/wp-json\/wp\/v2\/comments?post=44593"}],"version-history":[{"count":0,"href":"https:\/\/linitiative.ca\/International\/wp-json\/wp\/v2\/posts\/44593\/revisions"}],"wp:featuredmedia":[{"embeddable":true,"href":"https:\/\/linitiative.ca\/International\/wp-json\/"}],"wp:attachment":[{"href":"https:\/\/linitiative.ca\/International\/wp-json\/wp\/v2\/media?parent=44593"}],"wp:term":[{"taxonomy":"category","embeddable":true,"href":"https:\/\/linitiative.ca\/International\/wp-json\/wp\/v2\/categories?post=44593"},{"taxonomy":"post_tag","embeddable":true,"href":"https:\/\/linitiative.ca\/International\/wp-json\/wp\/v2\/tags?post=44593"}],"curies":[{"name":"wp","href":"https:\/\/api.w.org\/{rel}","templated":true}]}}