{"id":44597,"date":"2019-07-05T15:31:22","date_gmt":"2019-07-05T19:31:22","guid":{"rendered":"https:\/\/linitiative.ca\/International\/can-2019-le-benin-met-fin-au-reve-des-lions\/"},"modified":"2019-07-05T15:31:22","modified_gmt":"2019-07-05T19:31:22","slug":"can-2019-le-benin-met-fin-au-reve-des-lions","status":"publish","type":"post","link":"https:\/\/linitiative.ca\/International\/can-2019-le-benin-met-fin-au-reve-des-lions\/","title":{"rendered":"Can 2019 : le B\u00e9nin met fin au r\u00eave des Lions"},"content":{"rendered":"<p><strong>Consid\u00e9r\u00e9 comme l\u2019un des plus grands favoris de la comp\u00e9tition et auteur d\u2019un sans-faute en phase de groupes, le r\u00eave marocain s\u2019arr\u00eate en huiti\u00e8mes de finale !<\/strong><\/p>\n<div class=\"c10\"\/>\n<p>Les Lions de l\u2019Atlas ont \u00e9t\u00e9 \u00e9limin\u00e9s aux tirs au but par le B\u00e9nin (1-1, 4-1 tab), ce vendredi au Caire en 8\u00e8mes de finale. Les hommes d\u2019Herv\u00e9 Renard, dont l\u2019aventure s\u2019est arr\u00eat\u00e9e tr\u00e8s t\u00f4t, confisquaient le ballon face \u00e0 un adversaire avant tout soucieux de ne pas se d\u00e9couvrir. Sauf que le jeu de Renard manquait cruellement de rythme et de mouvement et les co\u00e9quipiers de Hakim Ziyech cr\u00e9aient rarement les opportunit\u00e9s pendant la rencontre.<\/p>\n<p><strong>Ziyech tue le r\u00eave Marocain !<\/strong><\/p>\n<p>Un cadeau d\u2019Ad\u00e9oti qui se montrait trop gourmand en dribblant devant sa surface. Boussoufa qui r\u00e9cup\u00e8re le ballon, le transmet \u00e0 En-Nesyri qui \u00e9galise (1-1, 76e) et relance le match.<\/p>\n<p>Alors que la rencontre se dirigeait vers les prolongations, Hakimi, bouscul\u00e9 dans les derni\u00e8res secondes par Sess\u00e8gnon et l\u2019arbitre siffle penalty ! Peu en r\u00e9ussite depuis le d\u00e9but de la CAN, Ziyech avait la qualif\u2019 au bout du pied, mais il envoyait sa tentative direction le ciel !<\/p>\n<blockquote class=\"instagram-media c38\" data-instgrm-captioned=\"\" data-instgrm-permalink=\"https:\/\/www.instagram.com\/p\/Bzi8Cs4lYbK\/\" data-instgrm-version=\"12\">\n<\/blockquote>\n<p>Durant les prolongations, l\u2019expulsion du d\u00e9fenseur central b\u00e9ninois Adenon (2\u00e8me carton jaune) \u00e0 la 96\u00e8me minute suite \u00e0 un geste d\u2019humeur en direction de l\u2019arbitre n\u2019a rien chang\u00e9 \u00e0 cette rencontre.<\/p>\n<p>Fin d\u2019histoire (CAN 2019)!<\/p>\n<div class=\"c45\">\n<fieldset class=\"c44\">\n<legend><strong><span class=\"c39\">Challenge<\/span><span class=\"c40\">news<\/span><\/strong><\/legend>\n<div class=\"c43\">Le meilleur de la r\u00e9daction s\u00e9lectionn\u00e9 par Challenge :<\/p>\n<\/div>\n<\/fieldset>\n<\/div>\n<p>Auteur: Hajar DARI<br \/>\n<a href=\"https:\/\/www.challenge.ma\/can-2019-le-benin-met-fin-au-reve-des-lions-112220\/\">Cliquez ici pour lire l&rsquo;article depuis sa source.<\/a><\/p>\n","protected":false},"excerpt":{"rendered":"<p>Consid\u00e9r\u00e9 comme l\u2019un des plus grands favoris de la comp\u00e9tition et auteur d\u2019un sans-faute en phase de groupes, le r\u00eave marocain s\u2019arr\u00eate en huiti\u00e8mes de finale ! Les Lions de l\u2019Atlas ont \u00e9t\u00e9 \u00e9limin\u00e9s aux tirs au but par le B\u00e9nin (1-1, 4-1 tab), ce vendredi au Caire en 8\u00e8mes de finale. Les hommes d\u2019Herv\u00e9 [&hellip;]<\/p>\n","protected":false},"author":1787,"featured_media":0,"comment_status":"closed","ping_status":"closed","sticky":false,"template":"","format":"standard","meta":{"fifu_image_url":"","fifu_image_alt":"","footnotes":""},"categories":[78,54],"tags":[],"class_list":["post-44597","post","type-post","status-publish","format-standard","hentry","category-economie","category-maroc"],"_links":{"self":[{"href":"https:\/\/linitiative.ca\/International\/wp-json\/wp\/v2\/posts\/44597","targetHints":{"allow":["GET"]}}],"collection":[{"href":"https:\/\/linitiative.ca\/International\/wp-json\/wp\/v2\/posts"}],"about":[{"href":"https:\/\/linitiative.ca\/International\/wp-json\/wp\/v2\/types\/post"}],"author":[{"embeddable":true,"href":"https:\/\/linitiative.ca\/International\/wp-json\/wp\/v2\/users\/1787"}],"replies":[{"embeddable":true,"href":"https:\/\/linitiative.ca\/International\/wp-json\/wp\/v2\/comments?post=44597"}],"version-history":[{"count":0,"href":"https:\/\/linitiative.ca\/International\/wp-json\/wp\/v2\/posts\/44597\/revisions"}],"wp:attachment":[{"href":"https:\/\/linitiative.ca\/International\/wp-json\/wp\/v2\/media?parent=44597"}],"wp:term":[{"taxonomy":"category","embeddable":true,"href":"https:\/\/linitiative.ca\/International\/wp-json\/wp\/v2\/categories?post=44597"},{"taxonomy":"post_tag","embeddable":true,"href":"https:\/\/linitiative.ca\/International\/wp-json\/wp\/v2\/tags?post=44597"}],"curies":[{"name":"wp","href":"https:\/\/api.w.org\/{rel}","templated":true}]}}