{"id":44598,"date":"2019-07-05T15:33:43","date_gmt":"2019-07-05T19:33:43","guid":{"rendered":"https:\/\/linitiative.ca\/International\/il-fait-lactu-david-sassoli-president-du-parlement-europeen\/"},"modified":"2019-07-05T15:33:43","modified_gmt":"2019-07-05T19:33:43","slug":"il-fait-lactu-david-sassoli-president-du-parlement-europeen","status":"publish","type":"post","link":"https:\/\/linitiative.ca\/International\/il-fait-lactu-david-sassoli-president-du-parlement-europeen\/","title":{"rendered":"Il fait l\u2019actu : David Sassoli, pr\u00e9sident du Parlement europ\u00e9en"},"content":{"rendered":"<p><strong>Le nouveau pr\u00e9sident du Parlement europ\u00e9en, l\u2019Italien David Sassoli, a appel\u00e9 vendredi \u00e0 la fermet\u00e9 pour faire face au terrorisme.<\/strong><\/p>\n<div class=\"c10\"\/>\n<p>\u00ab\u00a0Nous devons unir toutes nos forces dans la lutte contre le terrorisme et nous devons rester fermes dans cette lutte\u00a0\u00bb, a-t-il dit depuis la station de m\u00e9tro Maelbeek, \u00e0 Bruxelles, o\u00f9 a eu lieu un attentat le 22 mars 2016. Outre cette station, situ\u00e9e non loin des institutions europ\u00e9ennes, des attentats meurtriers avaient cibl\u00e9 aussi, le m\u00eame jour, le principal a\u00e9roport de la capitale belge.<\/p>\n<p>Pour son premier acte public en tant que nouveau Pr\u00e9sident \u00e9lu du Parlement europ\u00e9en, le social-d\u00e9mocrate italien a d\u00e9cid\u00e9 de rendre hommage \u00e0 toutes les victimes du terrorisme en Europe.<\/p>\n<p>\u00ab\u00a0Il faut rendre hommage aux martyrs dans la capitale de l\u2019Europe. Nous devons comm\u00e9morer les citoyens europ\u00e9ens victimes de ces attentats. Il s\u2019agit d\u2019un hommage \u00e0 toutes les victimes du terrorisme. C\u2019est ainsi que j\u2019ai d\u00e9cid\u00e9 de d\u00e9buter la pr\u00e9sidence du Parlement europ\u00e9en\u2019\u2019, a affirm\u00e9 M. Sassoli \u00e0 l\u2019issue de la c\u00e9r\u00e9monie de comm\u00e9moration \u00e0 l\u2019entr\u00e9e de la station de m\u00e9tro bruxelloise.<\/p>\n<p>David Sassoli du groupe \u00ab\u00a0Alliance progressiste des socialistes et d\u00e9mocrates\u00a0\u00bb (S&#038;D) a \u00e9t\u00e9 \u00e9lu, mercredi \u00e0 Strasbourg, pr\u00e9sident du Parlement europ\u00e9en, \u00e0 l\u2019occasion de la premi\u00e8re session pl\u00e9ni\u00e8re de la nouvelle l\u00e9gislature.<\/p>\n<p>Le social-d\u00e9mocrate italien qui succ\u00e8de \u00e0 son compatriote Antonio Tajani, avait remport\u00e9, avec 345 voix, la majorit\u00e9 absolue des suffrages exprim\u00e9s au deuxi\u00e8me tour de cette \u00e9lection (667 votes).<\/p>\n<p>Membre du parti d\u00e9mocrate italien (centre-gauche), David Sassoli, 63 ans, \u00e9tait eurod\u00e9put\u00e9 depuis 2009. Journaliste de formation, il \u00e9tait l\u2019un des vice-pr\u00e9sidents de l\u2019h\u00e9micycle europ\u00e9en au cours de la derni\u00e8re l\u00e9gislature.<\/p>\n<div class=\"c17\">\n<fieldset class=\"c16\">\n<legend><strong><span class=\"c11\">Challenge<\/span><span class=\"c12\">news<\/span><\/strong><\/legend>\n<div class=\"c15\">Le meilleur de la r\u00e9daction s\u00e9lectionn\u00e9 par Challenge :<\/p>\n<\/div>\n<\/fieldset>\n<\/div>\n<p>Auteur: challenge<br \/>\n<a href=\"https:\/\/www.challenge.ma\/il-fait-lactu-david-sassoli-president-du-parlement-europeen-112198\/\">Cliquez ici pour lire l&rsquo;article depuis sa source.<\/a><\/p>\n","protected":false},"excerpt":{"rendered":"<p>Le nouveau pr\u00e9sident du Parlement europ\u00e9en, l\u2019Italien David Sassoli, a appel\u00e9 vendredi \u00e0 la fermet\u00e9 pour faire face au terrorisme. \u00ab\u00a0Nous devons unir toutes nos forces dans la lutte contre le terrorisme et nous devons rester fermes dans cette lutte\u00a0\u00bb, a-t-il dit depuis la station de m\u00e9tro Maelbeek, \u00e0 Bruxelles, o\u00f9 a eu lieu un [&hellip;]<\/p>\n","protected":false},"author":1787,"featured_media":0,"comment_status":"closed","ping_status":"closed","sticky":false,"template":"","format":"standard","meta":{"fifu_image_url":"","fifu_image_alt":"","footnotes":""},"categories":[78,54],"tags":[],"class_list":["post-44598","post","type-post","status-publish","format-standard","hentry","category-economie","category-maroc"],"_links":{"self":[{"href":"https:\/\/linitiative.ca\/International\/wp-json\/wp\/v2\/posts\/44598","targetHints":{"allow":["GET"]}}],"collection":[{"href":"https:\/\/linitiative.ca\/International\/wp-json\/wp\/v2\/posts"}],"about":[{"href":"https:\/\/linitiative.ca\/International\/wp-json\/wp\/v2\/types\/post"}],"author":[{"embeddable":true,"href":"https:\/\/linitiative.ca\/International\/wp-json\/wp\/v2\/users\/1787"}],"replies":[{"embeddable":true,"href":"https:\/\/linitiative.ca\/International\/wp-json\/wp\/v2\/comments?post=44598"}],"version-history":[{"count":0,"href":"https:\/\/linitiative.ca\/International\/wp-json\/wp\/v2\/posts\/44598\/revisions"}],"wp:attachment":[{"href":"https:\/\/linitiative.ca\/International\/wp-json\/wp\/v2\/media?parent=44598"}],"wp:term":[{"taxonomy":"category","embeddable":true,"href":"https:\/\/linitiative.ca\/International\/wp-json\/wp\/v2\/categories?post=44598"},{"taxonomy":"post_tag","embeddable":true,"href":"https:\/\/linitiative.ca\/International\/wp-json\/wp\/v2\/tags?post=44598"}],"curies":[{"name":"wp","href":"https:\/\/api.w.org\/{rel}","templated":true}]}}