{"id":44599,"date":"2019-07-05T15:48:11","date_gmt":"2019-07-05T19:48:11","guid":{"rendered":"https:\/\/linitiative.ca\/International\/tanger-med-task-force-au-service-de-la-competitivite-portuaire-africaine\/"},"modified":"2019-07-05T15:48:11","modified_gmt":"2019-07-05T19:48:11","slug":"tanger-med-task-force-au-service-de-la-competitivite-portuaire-africaine","status":"publish","type":"post","link":"https:\/\/linitiative.ca\/International\/tanger-med-task-force-au-service-de-la-competitivite-portuaire-africaine\/","title":{"rendered":"Tanger Med : task force au service de la comp\u00e9titivit\u00e9 portuaire africaine"},"content":{"rendered":"<p><strong>Le complexe portuaire a profit\u00e9 du lancement des op\u00e9rations portuaires de Tanger Med 2 pour r\u00e9unir les autorit\u00e9s portuaires africaines de plus de 30 pays.<\/strong><\/p>\n<div class=\"c10\"\/>\n<p>Lors de cet \u00e9v\u00e9nement les autorit\u00e9s portuaires ont tenu \u00e0 saluer la vision royale \u00e9clair\u00e9e, source d\u2019inspiration pour le continent, qui a permis au Maroc de disposer du plus grand complexe portuaire en Afrique et dans le bassin m\u00e9diterran\u00e9en. Cette position de leader en Afrique \u00e0 la fois en mati\u00e8re de trafics, de mod\u00e8le de d\u00e9veloppement et d\u2019int\u00e9gration industrialo-portuaire, suscite l\u2019int\u00e9r\u00eat prononc\u00e9 de nombreuses autorit\u00e9s portuaires. Disposant d\u2019une capacit\u00e9 totale de 9 millions de conteneurs et connect\u00e9 \u00e0 186 ports mondiaux dans 77 pays, <strong>Tanger Med<\/strong> est dor\u00e9navant le Hub de r\u00e9f\u00e9rence en m\u00e9diterran\u00e9e au service de la comp\u00e9titivit\u00e9 des corridors logistiques africains.<\/p>\n<p><iframe loading=\"lazy\" class=\"c11\" src=\"https:\/\/www.facebook.com\/plugins\/video.php?href=https%3A%2F%2Fwww.facebook.com%2FTangerMed.officiel%2Fvideos%2F2514821642086045%2F&#038;show_text=0&#038;width=560\" width=\"560\" height=\"315\" frameborder=\"0\" scrolling=\"no\" allowfullscreen=\"allowfullscreen\">[embedded content]<\/iframe><\/p>\n<p>C\u2019est dans ce contexte, et \u00e0 l\u2019initiative de Tanger Med, qu\u2019une task force dot\u00e9e d\u2019une plateforme digitale a \u00e9t\u00e9 cr\u00e9\u00e9e. Cette <strong>task force<\/strong> d\u2019\u00e9change innovante en Afrique permettra le partage des exp\u00e9riences entre les autorit\u00e9s portuaires, mais aussi de mettre en place une coordination strat\u00e9gique autour de probl\u00e9matiques d\u2019int\u00e9r\u00eat commun tels que : l\u2019int\u00e9gration logistique entre les ports et les corridors terrestres, la mise \u00e0 niveau des autorit\u00e9s portuaires, l\u2019\u00e9mergence de ports de nouvelle g\u00e9n\u00e9ration en <strong>Afrique<\/strong>, etc.<\/p>\n<p>Lire aussi : <a href=\"https:\/\/www.challenge.ma\/tanger-med-concretisation-dune-vision-royale-112203\/\" target=\"_blank\" rel=\"noopener noreferrer\">Tanger Med : concr\u00e9tisation d\u2019une vision royale<\/a><\/p>\n<p>Pour Rappel, Tanger Med est le 1er port d\u2019Afrique depuis 2017, devant Port-Sa\u00efd (\u00c9gypte et Durban (Afrique du Sud). Il est ainsi devenu, gr\u00e2ce \u00e0 Tanger Med 2, la 1\u00e8re capacit\u00e9 <strong>portuaire<\/strong> en M\u00e9diterran\u00e9e et s\u2019achemine vers l\u2019int\u00e9gration des 20 premi\u00e8res plateformes \u00e0 l\u2019\u00e9chelle mondiale.<\/p>\n<div class=\"c18\">\n<fieldset class=\"c17\">\n<legend><strong><span class=\"c12\">Challenge<\/span><span class=\"c13\">news<\/span><\/strong><\/legend>\n<div class=\"c16\">Le meilleur de la r\u00e9daction s\u00e9lectionn\u00e9 par Challenge :<\/p>\n<\/div>\n<\/fieldset>\n<\/div>\n<p>Auteur: Karim Handaoui<br \/>\n<a href=\"https:\/\/www.challenge.ma\/tanger-med-task-force-au-service-de-la-competitivite-portuaire-africaine-112228\/\">Cliquez ici pour lire l&rsquo;article depuis sa source.<\/a><\/p>\n","protected":false},"excerpt":{"rendered":"<p>Le complexe portuaire a profit\u00e9 du lancement des op\u00e9rations portuaires de Tanger Med 2 pour r\u00e9unir les autorit\u00e9s portuaires africaines de plus de 30 pays. Lors de cet \u00e9v\u00e9nement les autorit\u00e9s portuaires ont tenu \u00e0 saluer la vision royale \u00e9clair\u00e9e, source d\u2019inspiration pour le continent, qui a permis au Maroc de disposer du plus grand [&hellip;]<\/p>\n","protected":false},"author":1787,"featured_media":0,"comment_status":"closed","ping_status":"closed","sticky":false,"template":"","format":"standard","meta":{"fifu_image_url":"","fifu_image_alt":"","footnotes":""},"categories":[78,54],"tags":[],"class_list":["post-44599","post","type-post","status-publish","format-standard","hentry","category-economie","category-maroc"],"_links":{"self":[{"href":"https:\/\/linitiative.ca\/International\/wp-json\/wp\/v2\/posts\/44599","targetHints":{"allow":["GET"]}}],"collection":[{"href":"https:\/\/linitiative.ca\/International\/wp-json\/wp\/v2\/posts"}],"about":[{"href":"https:\/\/linitiative.ca\/International\/wp-json\/wp\/v2\/types\/post"}],"author":[{"embeddable":true,"href":"https:\/\/linitiative.ca\/International\/wp-json\/wp\/v2\/users\/1787"}],"replies":[{"embeddable":true,"href":"https:\/\/linitiative.ca\/International\/wp-json\/wp\/v2\/comments?post=44599"}],"version-history":[{"count":0,"href":"https:\/\/linitiative.ca\/International\/wp-json\/wp\/v2\/posts\/44599\/revisions"}],"wp:attachment":[{"href":"https:\/\/linitiative.ca\/International\/wp-json\/wp\/v2\/media?parent=44599"}],"wp:term":[{"taxonomy":"category","embeddable":true,"href":"https:\/\/linitiative.ca\/International\/wp-json\/wp\/v2\/categories?post=44599"},{"taxonomy":"post_tag","embeddable":true,"href":"https:\/\/linitiative.ca\/International\/wp-json\/wp\/v2\/tags?post=44599"}],"curies":[{"name":"wp","href":"https:\/\/api.w.org\/{rel}","templated":true}]}}