{"id":44600,"date":"2019-07-05T13:15:26","date_gmt":"2019-07-05T17:15:26","guid":{"rendered":"https:\/\/linitiative.ca\/International\/oms-pres-de-mille-morts-dans-les-combats-de-tripoli-en-libye\/"},"modified":"2019-07-05T13:15:26","modified_gmt":"2019-07-05T17:15:26","slug":"oms-pres-de-mille-morts-dans-les-combats-de-tripoli-en-libye","status":"publish","type":"post","link":"https:\/\/linitiative.ca\/International\/oms-pres-de-mille-morts-dans-les-combats-de-tripoli-en-libye\/","title":{"rendered":"OMS\u00a0: Pr\u00e8s de mille morts dans les combats de Tripoli en Libye"},"content":{"rendered":"<div class=\"post-cont-in left relative\">\n<div class=\"swp_social_panel swp_horizontal_panel swp_flat_fresh swp_default_full_color swp_individual_full_color swp_other_full_color scale-100 scale-\" data-min-width=\"1100\" data-float-color=\"#ffffff\" data-float=\"none\" data-float-mobile=\"none\" data-transition=\"slide\">\n<div class=\"nc_tweetContainer swp_share_button total_shares total_sharesalt\"><span class=\"swp_count\">20 <span class=\"swp_label\">Partages<\/span><\/span><\/div>\n<\/div>\n<p>Le bureau r\u00e9gional de l\u2019Organisation Mondiale de la Sant\u00e9 a annonc\u00e9 que les combats qui se d\u00e9roulent dans la zone de la Capitale libyenne, Tripoli, depuis le mois d\u2019avril dernier, ont fait pr\u00e8s d\u2019un millier de morts et plus que 5\u00a0000 bless\u00e9s.<\/p>\n<div class=\"mvp-org-wrap mvp-org-logo\" itemprop=\"publisher\" itemscope=\"\" itemtype=\"https:\/\/schema.org\/Organization\"><img decoding=\"async\" src=\"https:\/\/www.tunisienumerique.com\/wp-content\/uploads\/2017\/02\/logo_tunisie_numerique.png\"\/><\/div>\n<div class=\"swp_social_panel swp_horizontal_panel swp_flat_fresh swp_default_full_color swp_individual_full_color swp_other_full_color scale-100 scale-\" data-min-width=\"1100\" data-float-color=\"#ffffff\" data-float=\"none\" data-float-mobile=\"none\" data-transition=\"slide\">\n<div class=\"nc_tweetContainer swp_share_button total_shares total_sharesalt\"><span class=\"swp_count\">20 <span class=\"swp_label\">Partages<\/span><\/span><\/div>\n<\/div>\n<div class=\"mvp-related-posts left relative\">\n<h4 class=\"post-header\"><span class=\"post-header\">Lire aussi<\/span><\/h4>\n<\/div>\n<\/div>\n<p>Auteur: LM<br \/>\n<a href=\"https:\/\/www.tunisienumerique.com\/oms-pres-de-mille-morts-dans-les-combats-de-tripoli-en-libye\/\">Cliquez ici pour lire l&rsquo;article depuis sa source.<\/a><\/p>\n","protected":false},"excerpt":{"rendered":"<p>20 Partages Le bureau r\u00e9gional de l\u2019Organisation Mondiale de la Sant\u00e9 a annonc\u00e9 que les combats qui se d\u00e9roulent dans la zone de la Capitale libyenne, Tripoli, depuis le mois d\u2019avril dernier, ont fait pr\u00e8s d\u2019un millier de morts et plus que 5\u00a0000 bless\u00e9s. 20 Partages Lire aussi Auteur: LM Cliquez ici pour lire l&rsquo;article [&hellip;]<\/p>\n","protected":false},"author":1789,"featured_media":44601,"comment_status":"closed","ping_status":"closed","sticky":false,"template":"","format":"standard","meta":{"fifu_image_url":"","fifu_image_alt":"","footnotes":""},"categories":[73,55],"tags":[],"class_list":["post-44600","post","type-post","status-publish","format-standard","has-post-thumbnail","hentry","category-actualite","category-tunisie"],"_links":{"self":[{"href":"https:\/\/linitiative.ca\/International\/wp-json\/wp\/v2\/posts\/44600","targetHints":{"allow":["GET"]}}],"collection":[{"href":"https:\/\/linitiative.ca\/International\/wp-json\/wp\/v2\/posts"}],"about":[{"href":"https:\/\/linitiative.ca\/International\/wp-json\/wp\/v2\/types\/post"}],"author":[{"embeddable":true,"href":"https:\/\/linitiative.ca\/International\/wp-json\/wp\/v2\/users\/1789"}],"replies":[{"embeddable":true,"href":"https:\/\/linitiative.ca\/International\/wp-json\/wp\/v2\/comments?post=44600"}],"version-history":[{"count":0,"href":"https:\/\/linitiative.ca\/International\/wp-json\/wp\/v2\/posts\/44600\/revisions"}],"wp:featuredmedia":[{"embeddable":true,"href":"https:\/\/linitiative.ca\/International\/wp-json\/"}],"wp:attachment":[{"href":"https:\/\/linitiative.ca\/International\/wp-json\/wp\/v2\/media?parent=44600"}],"wp:term":[{"taxonomy":"category","embeddable":true,"href":"https:\/\/linitiative.ca\/International\/wp-json\/wp\/v2\/categories?post=44600"},{"taxonomy":"post_tag","embeddable":true,"href":"https:\/\/linitiative.ca\/International\/wp-json\/wp\/v2\/tags?post=44600"}],"curies":[{"name":"wp","href":"https:\/\/api.w.org\/{rel}","templated":true}]}}