{"id":44602,"date":"2019-07-05T14:15:11","date_gmt":"2019-07-05T18:15:11","guid":{"rendered":"https:\/\/linitiative.ca\/International\/poutine-la-turquie-est-en-train-de-transferer-les-terroristes-dedleb-en-libye-a-quelques-encablures-de-la-tunisie\/"},"modified":"2019-07-05T14:15:11","modified_gmt":"2019-07-05T18:15:11","slug":"poutine-la-turquie-est-en-train-de-transferer-les-terroristes-dedleb-en-libye-a-quelques-encablures-de-la-tunisie","status":"publish","type":"post","link":"https:\/\/linitiative.ca\/International\/poutine-la-turquie-est-en-train-de-transferer-les-terroristes-dedleb-en-libye-a-quelques-encablures-de-la-tunisie\/","title":{"rendered":"Poutine\u00a0: La Turquie est en train de transf\u00e9rer les terroristes d\u2019Edleb en Libye \u00e0 quelques encablures de la Tunisie"},"content":{"rendered":"<div class=\"post-cont-in left relative\">\n<div class=\"swp_social_panel swp_horizontal_panel swp_flat_fresh swp_default_full_color swp_individual_full_color swp_other_full_color scale-100 scale-\" data-min-width=\"1100\" data-float-color=\"#ffffff\" data-float=\"none\" data-float-mobile=\"none\" data-transition=\"slide\">\n<div class=\"nc_tweetContainer swp_share_button total_shares total_sharesalt\"><span class=\"swp_count\">221 <span class=\"swp_label\">Partages<\/span><\/span><\/div>\n<\/div>\n<p>Lors d\u2019une conf\u00e9rence de presse tenue ce vendredi \u00e0 Rome, en pr\u00e9sencedu chef du gouvernement italien, Vladimir Poutine, le pr\u00e9sident russe a fait part de son inqui\u00e9tude de la situation explosive qui s\u00e9vit en Libye. Il a rappel\u00e9 que c\u2019est l\u2019OTAN qui est responsable de la destruction de l\u2019Etat en Libye, depuis 2011. Ce qui a cr\u00e9\u00e9 cette division dans la population et la pullulation des groupes terroristes arm\u00e9s.<\/p>\n<p>Poutine a\u00a0d\u00e9clar\u00e9\u00a0qu\u2019il\u00a0\u00e9tait\u00a0temps pour que cette situation chaotique s\u2019arr\u00eate et que la Russie\u00a0\u00e9tait pr\u00eate \u00e0 collaborer avec es pays europ\u00e9ens, pour mettre un terme \u00e0 cette guerre civile. Poutine a expliqu\u00e9 que son gouvernement est en contact aussi bien avec le mar\u00e9chal Haftar, qu\u2019avec le gouvernement de Tripoli.<\/p>\n<div class=\"code-block code-block-1 c3\"><ins class=\"adsbygoogle c2\" data-ad-layout=\"in-article\" data-ad-format=\"fluid\" data-ad-client=\"ca-pub-2102118777505746\" data-ad-slot=\"7301775417\"\/> <\/div>\n<p>Le pr\u00e9sident russe a, par ailleurs, fait part de sa grande inqui\u00e9tude de la pullulation des groupes terroristes en Libye. Ce qui constitue une menace directe pour les pays voisins et l\u2019Europe.\u00a0Il\u00a0a d\u00e9plor\u00e9 l\u2019inaction de la communaut\u00e9 internationale devant le transfert massif des terroristes par la Turquie, qui est en train de les \u00e9vacuer de la ville syrienne d\u2019Edleb, pour les positionner dans l\u2019ouest libyen, soit \u00e0 quelques encablures des fronti\u00e8res tunisiennes.<\/p>\n<div class=\"mvp-org-wrap mvp-org-logo\" itemprop=\"publisher\" itemscope=\"\" itemtype=\"https:\/\/schema.org\/Organization\"><img decoding=\"async\" src=\"https:\/\/www.tunisienumerique.com\/wp-content\/uploads\/2017\/02\/logo_tunisie_numerique.png\"\/><\/div>\n<div class=\"swp_social_panel swp_horizontal_panel swp_flat_fresh swp_default_full_color swp_individual_full_color swp_other_full_color scale-100 scale-\" data-min-width=\"1100\" data-float-color=\"#ffffff\" data-float=\"none\" data-float-mobile=\"none\" data-transition=\"slide\">\n<div class=\"nc_tweetContainer swp_share_button total_shares total_sharesalt\"><span class=\"swp_count\">221 <span class=\"swp_label\">Partages<\/span><\/span><\/div>\n<\/div>\n<div class=\"mvp-related-posts left relative\">\n<h4 class=\"post-header\"><span class=\"post-header\">Lire aussi<\/span><\/h4>\n<\/div>\n<\/div>\n<p>Auteur: LM<br \/>\n<a href=\"https:\/\/www.tunisienumerique.com\/poutine-la-turquie-est-en-train-de-transferer-les-terroristes-dedleb-en-libye-a-quelques-encablures-de-la-tunisie\/\">Cliquez ici pour lire l&rsquo;article depuis sa source.<\/a><\/p>\n","protected":false},"excerpt":{"rendered":"<p>221 Partages Lors d\u2019une conf\u00e9rence de presse tenue ce vendredi \u00e0 Rome, en pr\u00e9sencedu chef du gouvernement italien, Vladimir Poutine, le pr\u00e9sident russe a fait part de son inqui\u00e9tude de la situation explosive qui s\u00e9vit en Libye. Il a rappel\u00e9 que c\u2019est l\u2019OTAN qui est responsable de la destruction de l\u2019Etat en Libye, depuis 2011. [&hellip;]<\/p>\n","protected":false},"author":1789,"featured_media":44603,"comment_status":"closed","ping_status":"closed","sticky":false,"template":"","format":"standard","meta":{"fifu_image_url":"","fifu_image_alt":"","footnotes":""},"categories":[73,55],"tags":[],"class_list":["post-44602","post","type-post","status-publish","format-standard","has-post-thumbnail","hentry","category-actualite","category-tunisie"],"_links":{"self":[{"href":"https:\/\/linitiative.ca\/International\/wp-json\/wp\/v2\/posts\/44602","targetHints":{"allow":["GET"]}}],"collection":[{"href":"https:\/\/linitiative.ca\/International\/wp-json\/wp\/v2\/posts"}],"about":[{"href":"https:\/\/linitiative.ca\/International\/wp-json\/wp\/v2\/types\/post"}],"author":[{"embeddable":true,"href":"https:\/\/linitiative.ca\/International\/wp-json\/wp\/v2\/users\/1789"}],"replies":[{"embeddable":true,"href":"https:\/\/linitiative.ca\/International\/wp-json\/wp\/v2\/comments?post=44602"}],"version-history":[{"count":0,"href":"https:\/\/linitiative.ca\/International\/wp-json\/wp\/v2\/posts\/44602\/revisions"}],"wp:featuredmedia":[{"embeddable":true,"href":"https:\/\/linitiative.ca\/International\/wp-json\/"}],"wp:attachment":[{"href":"https:\/\/linitiative.ca\/International\/wp-json\/wp\/v2\/media?parent=44602"}],"wp:term":[{"taxonomy":"category","embeddable":true,"href":"https:\/\/linitiative.ca\/International\/wp-json\/wp\/v2\/categories?post=44602"},{"taxonomy":"post_tag","embeddable":true,"href":"https:\/\/linitiative.ca\/International\/wp-json\/wp\/v2\/tags?post=44602"}],"curies":[{"name":"wp","href":"https:\/\/api.w.org\/{rel}","templated":true}]}}