{"id":44618,"date":"2019-07-05T17:10:35","date_gmt":"2019-07-05T21:10:35","guid":{"rendered":"https:\/\/linitiative.ca\/International\/tunisie-que-veulent-ils-a-abdelkarim-zebidi-et-pourquoi-maintenant\/"},"modified":"2019-07-05T17:10:35","modified_gmt":"2019-07-05T21:10:35","slug":"tunisie-que-veulent-ils-a-abdelkarim-zebidi-et-pourquoi-maintenant","status":"publish","type":"post","link":"https:\/\/linitiative.ca\/International\/tunisie-que-veulent-ils-a-abdelkarim-zebidi-et-pourquoi-maintenant\/","title":{"rendered":"Tunisie \u2013 Que veulent-ils \u00e0 Abdelkarim Zebidi\u00a0? Et pourquoi maintenant\u00a0?"},"content":{"rendered":"<div class=\"post-cont-in left relative\">\n<div class=\"swp_social_panel swp_horizontal_panel swp_flat_fresh swp_default_full_color swp_individual_full_color swp_other_full_color scale-100 scale-\" data-min-width=\"1100\" data-float-color=\"#ffffff\" data-float=\"none\" data-float-mobile=\"none\" data-transition=\"slide\">\n<div class=\"nc_tweetContainer swp_share_button total_shares total_sharesalt\"><span class=\"swp_count\">1 <span class=\"swp_label\">Partages<\/span><\/span><\/div>\n<\/div>\n<p>Alors que le d\u00e9partement de la d\u00e9fense nationale est, pratiquement le seul qui est en train d\u2019accomplir un sans-faute, <a href=\"https:\/\/mondafrique.com\/tunisie-trois-attentats-sanglants-malgre-laide-americaine-massive\/?fbclid=IwAR1sdYNAlrGpDdhuySV1lQFwlY71MtcTCuSdEom-7nHLsSDrWL5WSt-uNeg\">une certaine presse \u00e9trang\u00e8re, commence \u00e0 lui lancer ses dards empoisonn\u00e9s<\/a>. Justement, la m\u00eame presse qui s\u2019\u00e9tait acharn\u00e9e, \u00e0 un certain moment, contre l\u2019ex-ministre de l\u2019int\u00e9rieur, Lotfi Brahem, qui, lui aussi, \u00e0 l\u2019\u00e9poque, \u00e9tait en train de faire un sans-faute.<\/p>\n<p>Ne dirait-on pas que celui ou ceux qui commandent des articles empoisonn\u00e9s \u00e0 cette \u00ab\u00a0presse\u00a0\u00bb, ne veulent pas le bien pour la Tunisie, et veulent \u00e9liminer toute personne capable de faire son travail comme il le faut. C\u2019est \u00e0 croire que le travail bien accompli les d\u00e9range.<\/p>\n<div class=\"code-block code-block-1 c3\"><ins class=\"adsbygoogle c2\" data-ad-layout=\"in-article\" data-ad-format=\"fluid\" data-ad-client=\"ca-pub-2102118777505746\" data-ad-slot=\"7301775417\"\/> <\/div>\n<p>Et maintenant cette m\u00eame presse se l\u00e2che contre Abdelkarim Zebidi, mine de rien, en affirmant qu\u2019il est l\u2019associ\u00e9 des am\u00e9ricains, \u00e0 qui il aurait vendu le pays, ou une partie du pays, pour qu\u2019ils y installent une base, en contrepartie d\u2019un rabais sur le prix des avions militaires achet\u00e9s par la Tunisie. Cette presse va, m\u00eame, jusqu\u2019\u00e0 flirter avec la fibre, \u00d4 combien dangereuse, du r\u00e9gionalisme, et le pr\u00e9sente comme l\u2019homme du Sahel, la r\u00e9gion, donc la continuit\u00e9, de Bourguiba et Ben Ali.<\/p>\n<p>Par ailleurs, les r\u00e9dacteurs de cette presse veulent le d\u00e9peindre comme un looser, dans la mesure o\u00f9 il ne r\u00e9ussit pas \u00e0 s\u00e9curiser le pays, malgr\u00e9 l\u2019\u00e9norme poids du soutien am\u00e9ricain. A t\u00e9moin, ils citent les deux attentats suicides de la semaine derni\u00e8re au c\u0153ur de Tunis.<\/p>\n<p>Donc, il devient clair que la campagne contre Zebidi a commenc\u00e9, et risque de s\u2019accentuer comme cela s\u2019\u00e9tait pass\u00e9 avec Lotfi Brahem, au point de l\u2019accuser de projet de coup d\u2019Etat. Mais pour Zebidi, ils en sont, encore, au stade de pr\u00e9tendre qu\u2019il est en train de se pr\u00e9parer, dans le secret, pour pr\u00e9senter sa candidature aux pr\u00e9sidentielles.<\/p>\n<p>A voir cette campagne orchestr\u00e9e de la sorte, et d\u00e9marrant sur les chapeaux de roues, comme elle le fait, on serait en droit de se demander, pourquoi lui, et pourquoi maintenant\u00a0? Et qui est d\u00e9rang\u00e9, \u00e0 ce point, par Abdelkarim Zebidi, et, surtout, pour quelles raisons\u00a0?<\/p>\n<div class=\"mvp-org-wrap mvp-org-logo\" itemprop=\"publisher\" itemscope=\"\" itemtype=\"https:\/\/schema.org\/Organization\"><img decoding=\"async\" src=\"https:\/\/www.tunisienumerique.com\/wp-content\/uploads\/2017\/02\/logo_tunisie_numerique.png\"\/><\/div>\n<div class=\"swp_social_panel swp_horizontal_panel swp_flat_fresh swp_default_full_color swp_individual_full_color swp_other_full_color scale-100 scale-\" data-min-width=\"1100\" data-float-color=\"#ffffff\" data-float=\"none\" data-float-mobile=\"none\" data-transition=\"slide\">\n<div class=\"nc_tweetContainer swp_share_button total_shares total_sharesalt\"><span class=\"swp_count\">1 <span class=\"swp_label\">Partages<\/span><\/span><\/div>\n<\/div>\n<div class=\"mvp-related-posts left relative\">\n<h4 class=\"post-header\"><span class=\"post-header\">Lire aussi<\/span><\/h4>\n<\/div>\n<\/div>\n<p>Auteur: Saber .<br \/>\n<a href=\"https:\/\/www.tunisienumerique.com\/tunisie-que-veulent-ils-a-abdelkarim-zebidi-et-pourquoi-maintenant\/\">Cliquez ici pour lire l&rsquo;article depuis sa source.<\/a><\/p>\n","protected":false},"excerpt":{"rendered":"<p>1 Partages Alors que le d\u00e9partement de la d\u00e9fense nationale est, pratiquement le seul qui est en train d\u2019accomplir un sans-faute, une certaine presse \u00e9trang\u00e8re, commence \u00e0 lui lancer ses dards empoisonn\u00e9s. Justement, la m\u00eame presse qui s\u2019\u00e9tait acharn\u00e9e, \u00e0 un certain moment, contre l\u2019ex-ministre de l\u2019int\u00e9rieur, Lotfi Brahem, qui, lui aussi, \u00e0 l\u2019\u00e9poque, \u00e9tait [&hellip;]<\/p>\n","protected":false},"author":1789,"featured_media":44619,"comment_status":"closed","ping_status":"closed","sticky":false,"template":"","format":"standard","meta":{"fifu_image_url":"","fifu_image_alt":"","footnotes":""},"categories":[73,55],"tags":[],"class_list":["post-44618","post","type-post","status-publish","format-standard","has-post-thumbnail","hentry","category-actualite","category-tunisie"],"_links":{"self":[{"href":"https:\/\/linitiative.ca\/International\/wp-json\/wp\/v2\/posts\/44618","targetHints":{"allow":["GET"]}}],"collection":[{"href":"https:\/\/linitiative.ca\/International\/wp-json\/wp\/v2\/posts"}],"about":[{"href":"https:\/\/linitiative.ca\/International\/wp-json\/wp\/v2\/types\/post"}],"author":[{"embeddable":true,"href":"https:\/\/linitiative.ca\/International\/wp-json\/wp\/v2\/users\/1789"}],"replies":[{"embeddable":true,"href":"https:\/\/linitiative.ca\/International\/wp-json\/wp\/v2\/comments?post=44618"}],"version-history":[{"count":0,"href":"https:\/\/linitiative.ca\/International\/wp-json\/wp\/v2\/posts\/44618\/revisions"}],"wp:featuredmedia":[{"embeddable":true,"href":"https:\/\/linitiative.ca\/International\/wp-json\/"}],"wp:attachment":[{"href":"https:\/\/linitiative.ca\/International\/wp-json\/wp\/v2\/media?parent=44618"}],"wp:term":[{"taxonomy":"category","embeddable":true,"href":"https:\/\/linitiative.ca\/International\/wp-json\/wp\/v2\/categories?post=44618"},{"taxonomy":"post_tag","embeddable":true,"href":"https:\/\/linitiative.ca\/International\/wp-json\/wp\/v2\/tags?post=44618"}],"curies":[{"name":"wp","href":"https:\/\/api.w.org\/{rel}","templated":true}]}}