{"id":44621,"date":"2019-07-04T17:48:44","date_gmt":"2019-07-04T21:48:44","guid":{"rendered":"https:\/\/linitiative.ca\/International\/hopital-yalgado-les-malades-en-detresse\/"},"modified":"2019-07-04T17:48:44","modified_gmt":"2019-07-04T21:48:44","slug":"hopital-yalgado-les-malades-en-detresse","status":"publish","type":"post","link":"https:\/\/linitiative.ca\/International\/hopital-yalgado-les-malades-en-detresse\/","title":{"rendered":"H\u00f4pital Yalgado: les malades en d\u00e9tresse"},"content":{"rendered":"<div class=\"td-post-featured-image\"><a href=\"https:\/\/i0.wp.com\/www.sidwaya.info\/wp-content\/uploads\/2019\/07\/syntshya.gif?fit=787%2C525&#038;ssl=1\" data-caption=\"\"><img loading=\"lazy\" decoding=\"async\" width=\"696\" height=\"464\" class=\"entry-thumb td-modal-image\" src=\"https:\/\/i0.wp.com\/www.sidwaya.info\/wp-content\/uploads\/2019\/07\/syntshya.gif?resize=696%2C464&#038;ssl=1\" alt=\"\" title=\"syntshya\"\/><\/a><\/div>\n<p><strong>L\u2019heure est \u00e0 l\u2019arr\u00eat de travail dans certains centres sanitaires, \u00e0 la suite de la gr\u00e8ve du Syndicat national des travailleurs de la sant\u00e9 humaine et animale (SYNTSHA), annonc\u00e9e depuis le 7 juin 2019, sous toutes ses formes. Au Centre hospitalier universitaire Yalgado- Ou\u00e9draogo, (CHU-YO), un service minimum est assur\u00e9. Constat fait dans la matin\u00e9e du jeudi 4 juillet 2019.<\/strong><\/p>\n<p>A la devanture des urgences m\u00e9dicales de l\u2019h\u00f4pital Yalgado- Ou\u00e9draogo, c\u2019est toujours la m\u00eame sc\u00e8ne qu\u2019on constate. Les malades et accompagnants affluent. En ce jeudi 4 juillet 2019, il est 9h33 mn. Une accompagnante d\u2019un malade, le menton dans la main, est assise sur un banc. Elle confie que son malade est aux urgences depuis le 30 juin 2019 et il a eu des soins, m\u00eame s\u2019ils n\u2019ont pas \u00e9t\u00e9 administr\u00e9s par des agents titulaires. \u00abNous d\u00e9plorons surtout le cas des malades graves, qui ont \u00e9t\u00e9 refoul\u00e9s depuis hier, parce qu\u2019il n\u2019y a pas de m\u00e9decins\u00bb, explique-t-elle. A c\u00f4t\u00e9, une autre accompagnante, adoss\u00e9e \u00e0 la porte des urgences nous fait savoir que son malade a \u00e9t\u00e9 \u00e9galement pris en charge et qu\u2019elle rend gr\u00e2ce \u00e0 Dieu. Au bout de 15 minutes, un taxi, transportant une femme malade, vient se garer devant les urgences. Apr\u00e8s plus d\u2019une dizaine de minutes d\u2019attente, elle est admise dans la salle. \u00abPeut-\u00eatre que son \u00e9tat n\u2019est pas critique, car si c\u2019\u00e9tait le cas, on allait l\u2019orienter dans un autre service de sant\u00e9\u00bb, murmure un autre accompagnateur. Aux urgences traumatologiques, les choses ne semblent pas bouger comme d\u2019habitude. Et pourtant, \u00e0 entendre le vigile des lieux, chaque jour et \u00e0 chaque 30 minutes, l\u2019ambulance fait descendre un accident\u00e9. Mais avec la gr\u00e8ve, note-t-il, seuls quelques bless\u00e9s l\u00e9gers sont accueillis et soumis aux soins des stagiaires. Issa Dab\u00e9r\u00e9, victime d\u2019un accident de circulation a s\u00e9journ\u00e9 pendant quelques temps au service \u2018\u2019traumato\u2019\u2019. Lib\u00e9r\u00e9, il y a de cela quelques mois, il \u00e9tait accompagn\u00e9 de sa m\u00e8re lors de notre passage. Sa fiche de radiologie en main, il souligne qu\u2019il avait un rendez-vous avec son docteur. Malheureusement, il n\u2019a pas pu avoir gain de cause, car le docteur qu\u2019il esp\u00e9rait, \u00e9tait absent du bureau. \u00abJ\u2019ai quitt\u00e9 Ziniar\u00e9. Je suis venu le 27 juin 2019 pour un contr\u00f4le et mon docteur m\u2019a dit de repasser aujourd\u2019hui 4 juillet. Une dame qui administrait des soins \u00e0 un patient m\u2019a renvoy\u00e9. Elle m\u2019a dit de revenir encore la semaine prochaine\u00bb, affirme-t-il, l\u2019air triste.<\/p>\n<p>L\u2019application du protocole d\u2019accord \u00e0 tout prix<\/p>\n<p>Sa m\u00e8re, Mararata Ou\u00e9draogo, toute confuse dit d\u00e9plorer cette forme de gr\u00e8ve des agents de la sant\u00e9. \u00abNous n\u2019avons re\u00e7u aucune bonne information. La m\u00eame dame nous a dit d\u2019\u00e9couter la radio et le jour o\u00f9 les agents vont reprendre service, nous allons revenir. Et si la situation de mon malade s\u2019aggrave ou s\u2019 il meurt avant la reprise, je fais comment\u00a0?\u00bb, s\u2019interroge-t-elle. Le directeur g\u00e9n\u00e9ral de l\u2019h\u00f4pital Yalgado-Ou\u00e9draogo, Constant Dahourou, pr\u00e9cise qu\u2019il n\u2019est ni extraordinaire, ni exclu de voir des stagiaires ou des \u00e9tudiants soigner un patient, parce que selon lui, ces derniers sont suivis par des professionnels. A l\u2019entendre, dans toute gr\u00e8ve, des dispositions sont prises pour qu\u2019il y ait la continuit\u00e9 des soins et c\u2019est ce qui se fait pr\u00e9sentement au sein de sa structure. \u00abHabituellement, nous demandons du soutien au niveau du service de sant\u00e9 des arm\u00e9es. Nous avons aussi la collaboration des autres centres de sant\u00e9. Les malades qui ne peuvent pas \u00eatre pris en charge \u00e0 notre niveau sont r\u00e9f\u00e9r\u00e9s ailleurs\u00bb, rassure M. Dahourou. Face \u00e0 cette situation regrettable, le secr\u00e9taire g\u00e9n\u00e9ral de la sous-section SYNTSHA de l\u2019h\u00f4pital Yalgado- Ou\u00e9draogo, Hamadi Konf\u00e9, indique que le syndicat est engag\u00e9 \u00e0 aller jusqu\u2019 au bout, si toutefois sa plateforme revendicative n\u2019est pas satisfaite. \u00abTant que nous ne verrons pas l\u2019application du protocole d\u2019accord sign\u00e9 entre le SYNTSHA et le gouvernement, nous ne reviendrons pas en arri\u00e8re et la lutte peut prendre une autre tournure\u00bb, pr\u00e9vient -il.<\/p>\n<p>Afs\u00e9tou SAWADOGO<\/p>\n<div class=\"td-a-rec td-a-rec-id-content_bottom td_uid_30_5d1fc4a92771b_rand td_block_template_1\"><img loading=\"lazy\" decoding=\"async\" class=\"aligncenter size-full wp-image-9623\" src=\"https:\/\/www.sidwaya.info\/wp-content\/uploads\/2019\/06\/Projet-bannie%CC%80re-Orange-mobile.jpg\" alt=\"\" width=\"728\" height=\"81\"\/><\/div>\n<p>Auteur: BM. Sidwaya<br \/>\n<a href=\"https:\/\/www.sidwaya.info\/blog\/2019\/07\/04\/hopital-yalgado-les-malades-en-detresse\/\">Cliquez ici pour lire l&rsquo;article depuis sa source.<\/a><\/p>\n","protected":false},"excerpt":{"rendered":"<p>L\u2019heure est \u00e0 l\u2019arr\u00eat de travail dans certains centres sanitaires, \u00e0 la suite de la gr\u00e8ve du Syndicat national des travailleurs de la sant\u00e9 humaine et animale (SYNTSHA), annonc\u00e9e depuis le 7 juin 2019, sous toutes ses formes. Au Centre hospitalier universitaire Yalgado- Ou\u00e9draogo, (CHU-YO), un service minimum est assur\u00e9. Constat fait dans la matin\u00e9e [&hellip;]<\/p>\n","protected":false},"author":1816,"featured_media":0,"comment_status":"closed","ping_status":"closed","sticky":false,"template":"","format":"standard","meta":{"fifu_image_url":"","fifu_image_alt":"","footnotes":""},"categories":[73,81],"tags":[],"class_list":["post-44621","post","type-post","status-publish","format-standard","hentry","category-actualite","category-burkina-faso"],"_links":{"self":[{"href":"https:\/\/linitiative.ca\/International\/wp-json\/wp\/v2\/posts\/44621","targetHints":{"allow":["GET"]}}],"collection":[{"href":"https:\/\/linitiative.ca\/International\/wp-json\/wp\/v2\/posts"}],"about":[{"href":"https:\/\/linitiative.ca\/International\/wp-json\/wp\/v2\/types\/post"}],"author":[{"embeddable":true,"href":"https:\/\/linitiative.ca\/International\/wp-json\/wp\/v2\/users\/1816"}],"replies":[{"embeddable":true,"href":"https:\/\/linitiative.ca\/International\/wp-json\/wp\/v2\/comments?post=44621"}],"version-history":[{"count":0,"href":"https:\/\/linitiative.ca\/International\/wp-json\/wp\/v2\/posts\/44621\/revisions"}],"wp:attachment":[{"href":"https:\/\/linitiative.ca\/International\/wp-json\/wp\/v2\/media?parent=44621"}],"wp:term":[{"taxonomy":"category","embeddable":true,"href":"https:\/\/linitiative.ca\/International\/wp-json\/wp\/v2\/categories?post=44621"},{"taxonomy":"post_tag","embeddable":true,"href":"https:\/\/linitiative.ca\/International\/wp-json\/wp\/v2\/tags?post=44621"}],"curies":[{"name":"wp","href":"https:\/\/api.w.org\/{rel}","templated":true}]}}