{"id":44627,"date":"2019-07-05T14:18:09","date_gmt":"2019-07-05T18:18:09","guid":{"rendered":"https:\/\/linitiative.ca\/International\/eswatini-un-concours-de-beaute-redonne-espoir-aux-albinos-victimes-de-cliches\/"},"modified":"2019-07-05T14:18:09","modified_gmt":"2019-07-05T18:18:09","slug":"eswatini-un-concours-de-beaute-redonne-espoir-aux-albinos-victimes-de-cliches","status":"publish","type":"post","link":"https:\/\/linitiative.ca\/International\/eswatini-un-concours-de-beaute-redonne-espoir-aux-albinos-victimes-de-cliches\/","title":{"rendered":"Eswatini: un concours de beaut\u00e9 redonne espoir aux albinos victimes de clich\u00e9s"},"content":{"rendered":"<div readability=\"32\">\n<p>Publi\u00e9 le 05.07.2019 \u00e0 19h18 par APA News<\/p>\n<\/div>\n<div readability=\"127\">\n<p>Comme dans beaucoup de pays africains, les personnes atteintes d\u2019albinisme en Eswatini sont confront\u00e9es \u00e0 des clich\u00e9s, certains allant m\u00eame jusqu\u2019\u00e0 mettre leur vie en danger pour cause de sacrifices.De la stigmatisation et du manque d\u2019acc\u00e8s aux produits essentiels de la peau aux aides inad\u00e9quates des gouvernements ou des entreprises, en passant par la menace omnipr\u00e9sente de devenir les victimes de gangs meurtriers \u00e0 la recherche d\u2019albinos pour des sacrifices rituels, les albinos d\u2019Eswatini ont souvent le sentiment que le monde conspire contre eux.<\/p>\n<p>Pour Sakhile Dlamini, \u00e2g\u00e9e de 18 ans, \u00e9tudiante en comptabilit\u00e9 dans un \u00e9tablissement d\u2019enseignement sup\u00e9rieur de la capitale Mbabane, la vie n\u2019a pas \u00e9t\u00e9 une promenade dans un parc. Elle a toujours eu le sentiment de ne pas \u00eatre une personne normale et a toujours v\u00e9cu dans la crainte de devenir victime de ritualistes.<\/p>\n<p>Racontant les p\u00e9rip\u00e9ties de sa vie et comment elle a grandi avec un sentiment d\u2019inaptitude, Dlamini se souvient parfaitement d\u2019avoir \u00e9t\u00e9 bombard\u00e9e de mythes sur son \u00e9tat, notamment qu\u2019elle dispara\u00eetrait sans laisser de traces dans les montagnes \u00e0 sa mort et que sa famille ne donnerait jamais \u00e0 son corps une s\u00e9pulture d\u00e9cente.<\/p>\n<p>\u00ab Je n\u2019ai commenc\u00e9 \u00e0 me sentir \u00e0 l\u2019aise avec ma condition que lorsque je suis all\u00e9e au lyc\u00e9e, parce que mes parents m\u2019avaient inscrite dans une \u00e9cole priv\u00e9e o\u00f9 j\u2019avais appris la logique biologique de la couleur de ma peau \u00bb, explique Dlamini.<\/p>\n<p>Elle a toutefois r\u00e9v\u00e9l\u00e9 qu\u2019elle n\u2019a jamais cess\u00e9 d\u2019\u00eatre effray\u00e9e par des menaces de meurtres rituels \u00e0 tout moment de l\u2019ann\u00e9e.<\/p>\n<p>\u00ab A un moment donn\u00e9, ma famille a voulu m\u2019emmener en Afrique du Sud, mais des nouvelles faisant \u00e9tat d\u2019albinos chass\u00e9s, enlev\u00e9s et assassin\u00e9s ont commenc\u00e9 \u00e0 faire la Une des journaux \u00bb, raconte-t-elle.<\/p>\n<p>Pour la grande majorit\u00e9 de la population, l\u2019int\u00e9gration des albinos dans la soci\u00e9t\u00e9 est aussi \u00e9puisante et d\u00e9courageante que tenter d\u2019\u00e9radiquer le racisme. La soci\u00e9t\u00e9 traite durement les personnes atteintes d\u2019albinisme, en les condamnant souvent \u00e0 \u00e9viter les entreprises humaines ordinaires.<\/p>\n<p>Cependant, tout cela pourrait devenir une vieille histoire dans le Royaume d\u2019Eswatini d\u2019Afrique australe.<\/p>\n<p>Dlamini est l\u2019une des candidates au prochain concours de beaut\u00e9 Miss\/M. Albinisme organis\u00e9 par l\u2019Association des personnes atteintes d\u2019albinisme en Eswatini (SAPA), dans le cadre des efforts visant \u00e0 \u00e9liminer les obstacles qui emp\u00eachent l\u2019int\u00e9gration des albinos dans la soci\u00e9t\u00e9, \u00e0 travers la sensibilisation \u00e0 leur situation.<\/p>\n<p>Le pr\u00e9sident de la SAPA, Philemon Gama a d\u00e9clar\u00e9 que le concours propos\u00e9, pr\u00e9vu pour le 10 ao\u00fbt \u00e0 Mbabane, serait l\u2019une des initiatives de l\u2019association visant \u00e0 sensibiliser le public \u00e0 la situation et \u00e0 d\u00e9velopper l\u2019estime de soi chez les personnes atteintes d\u2019albinisme.<\/p>\n<p>Environ 20 candidats ont \u00e9t\u00e9 choisis pour le concours. L\u2019objectif principal est non seulement de montrer que les personnes vivant avec l\u2019albinisme sont capables de tout, mais aussi de sensibiliser les gens \u00e0 leur affection.<\/p>\n<p>Le Conseil national des arts et de la culture d\u2019Eswatini (ENCAC) a estim\u00e9 que le concours est une occasion pour les personnes atteintes d\u2019albinisme de renforcer leur confiance, de se familiariser avec les droits humains en g\u00e9n\u00e9ral et de sensibiliser davantage aux probl\u00e8mes qui affectent ces personnes.<\/p>\n<p>\u00ab L\u2019ENCAC fournira aux candidats tout le soutien dont ils ont besoin, y compris une orientation culturelle, pour s\u2019assurer qu\u2019ils repr\u00e9sentent convenablement Eswatini lors de comp\u00e9titions internationales \u00bb, a affirm\u00e9 son Directeur g\u00e9n\u00e9ral, Stanley Dlamini.<\/p>\n<p>Les gagnants du concours repr\u00e9senteront le pays au concours r\u00e9gional de l\u2019Afrique australe pr\u00e9vu en octobre au Zimbabwe, selon Stanley Dlamini.<\/p>\n<p>Il a ajout\u00e9 qu\u2019\u00e0 cette occasion, les jeunes partageront \u00e9galement leurs exp\u00e9riences avec leurs homologues d\u2019autres pays, tout en apprenant comment r\u00e9soudre les probl\u00e8mes auxquels ils sont confront\u00e9s, et m\u00eame acqu\u00e9rir les comp\u00e9tences n\u00e9cessaires pour cr\u00e9er des entreprises g\u00e9n\u00e9ratrices des revenus.<\/p>\n<\/div>\n<p>Auteur: APA News<br \/>\n<a href=\"https:\/\/www.journalducameroun.com\/eswatini-un-concours-de-beaute-redonne-espoir-aux-albinos-victimes-de-cliches\/\">Cliquez ici pour lire l&rsquo;article depuis sa source.<\/a><\/p>\n","protected":false},"excerpt":{"rendered":"<p>Publi\u00e9 le 05.07.2019 \u00e0 19h18 par APA News Comme dans beaucoup de pays africains, les personnes atteintes d\u2019albinisme en Eswatini sont confront\u00e9es \u00e0 des clich\u00e9s, certains allant m\u00eame jusqu\u2019\u00e0 mettre leur vie en danger pour cause de sacrifices.De la stigmatisation et du manque d\u2019acc\u00e8s aux produits essentiels de la peau aux aides inad\u00e9quates des gouvernements [&hellip;]<\/p>\n","protected":false},"author":1965,"featured_media":0,"comment_status":"closed","ping_status":"closed","sticky":false,"template":"","format":"standard","meta":{"fifu_image_url":"","fifu_image_alt":"","footnotes":""},"categories":[73,82],"tags":[],"class_list":["post-44627","post","type-post","status-publish","format-standard","hentry","category-actualite","category-cameroun"],"_links":{"self":[{"href":"https:\/\/linitiative.ca\/International\/wp-json\/wp\/v2\/posts\/44627","targetHints":{"allow":["GET"]}}],"collection":[{"href":"https:\/\/linitiative.ca\/International\/wp-json\/wp\/v2\/posts"}],"about":[{"href":"https:\/\/linitiative.ca\/International\/wp-json\/wp\/v2\/types\/post"}],"author":[{"embeddable":true,"href":"https:\/\/linitiative.ca\/International\/wp-json\/wp\/v2\/users\/1965"}],"replies":[{"embeddable":true,"href":"https:\/\/linitiative.ca\/International\/wp-json\/wp\/v2\/comments?post=44627"}],"version-history":[{"count":0,"href":"https:\/\/linitiative.ca\/International\/wp-json\/wp\/v2\/posts\/44627\/revisions"}],"wp:attachment":[{"href":"https:\/\/linitiative.ca\/International\/wp-json\/wp\/v2\/media?parent=44627"}],"wp:term":[{"taxonomy":"category","embeddable":true,"href":"https:\/\/linitiative.ca\/International\/wp-json\/wp\/v2\/categories?post=44627"},{"taxonomy":"post_tag","embeddable":true,"href":"https:\/\/linitiative.ca\/International\/wp-json\/wp\/v2\/tags?post=44627"}],"curies":[{"name":"wp","href":"https:\/\/api.w.org\/{rel}","templated":true}]}}