{"id":44634,"date":"2019-07-05T16:18:02","date_gmt":"2019-07-05T20:18:02","guid":{"rendered":"https:\/\/linitiative.ca\/International\/cote-divoire-un-mandat-darret-international-decerne-contre-akossi-bendjo-ex-maire-du-plateau\/"},"modified":"2019-07-05T16:18:02","modified_gmt":"2019-07-05T20:18:02","slug":"cote-divoire-un-mandat-darret-international-decerne-contre-akossi-bendjo-ex-maire-du-plateau","status":"publish","type":"post","link":"https:\/\/linitiative.ca\/International\/cote-divoire-un-mandat-darret-international-decerne-contre-akossi-bendjo-ex-maire-du-plateau\/","title":{"rendered":"C\u00f4te d\u2019Ivoire: un mandat d\u2019arr\u00eat international d\u00e9cern\u00e9 contre Akossi Bendjo, ex-maire du Plateau"},"content":{"rendered":"<div readability=\"32\">\n<p>Publi\u00e9 le 05.07.2019 \u00e0 21h18 par APA News<\/p>\n<\/div>\n<div readability=\"112\">\n<p>Un mandat d\u2019arr\u00eat international a \u00e9t\u00e9 d\u00e9cern\u00e9 contre Akossi Bendjo, ex-maire du Plateau, le Centre administratif et des Affaires d\u2019Abidjan, condamn\u00e9 \u00e0 20 ans de prison et plus de 10 milliards Fcfa d\u2019amende pour d\u00e9tournement de fonds publics, a dit vendredi \u00e0 la presse le procureur de la R\u00e9publique, Richard Adou.\u00ab Le tribunal a d\u00e9cern\u00e9 un mandat d\u2019arr\u00eat international \u00bb \u00e0 la fin \u00a0de la session contre l\u2019ex-maire du Plateau No\u00ebl Akossi Bendjo, a indiqu\u00e9 \u00a0le procureur de la R\u00e9publique Christophe Richard Adou, lors d\u2019une \u00a0conf\u00e9rence de presse \u00e0 son Cabinet. \u00a0<\/p>\n<p>Il a \u00a0soulign\u00e9 que n\u2019\u00e9tant pas dans son pays, le parquet va envoyer une \u00a0commission rogatoire internationale, \u00a0dans la mesure o\u00f9 les autorit\u00e9s \u00a0judiciaires ivoiriennes ne peuvent pas aller au-del\u00e0 de leurs \u00a0fronti\u00e8res, afin de permettre qu\u2019 il soit arr\u00eat\u00e9 en vertu de la \u00a0convention qui lie la C\u00f4te d\u2019Ivoire \u00e0 ce pays. \u00a0\u00a0<\/p>\n<p>Cette \u00a0conf\u00e9rence de presse intervient apr\u00e8s des \u00ab interrogations \u00bb des \u00a0populations qui \u00e9voquent \u00ab un caract\u00e8re s\u00e9v\u00e8re de la peine, une amende \u00a0exorbitante aux relents politiques \u00bb et le fait que M. Akossi Bendjo \u00a0soit jug\u00e9 en son absence et sans avocat pour d\u00e9fendre ses int\u00e9r\u00eats.\u00a0<\/p>\n<p>Le \u00a0procureur a expliqu\u00e9 que l\u2019enqu\u00eate a permis de d\u00e9couvrir que le maire \u00a0r\u00e9voqu\u00e9 avait sign\u00e9 avec N\u00e9goce Communication (Negcom) un contrat en vue \u00a0du recouvrement des taxes de publicit\u00e9 et d\u2019occupation du domaine \u00a0public, mais \u00ab les sommes recouvr\u00e9es n\u2019ont jamais \u00e9t\u00e9 revers\u00e9es dans les \u00a0caisses de la mairie \u00bb.\u00a0<\/p>\n<p>Concernant la peine, \u00a0il a not\u00e9 que l\u2019article 110 du code p\u00e9nal indique que \u00ab lorsque la \u00a0valeur des choses obtenues au moyen des crimes et d\u00e9lits est \u00e9gale ou \u00a0sup\u00e9rieure \u00e0 25 millions Fcfa, la peine est comprise entre 10 et 20 \u00a0ann\u00e9es \u00bb.\u00a0<\/p>\n<p>Il est reproch\u00e9 \u00e0 M. Akossi Bendjo \u00a0d\u2019avoir d\u00e9tourn\u00e9 plus de 5 milliards Fcfa. En outre, le procureur a dit \u00a0que l\u2019actuel maire, Jacques Ehouo, d\u00e9put\u00e9 du Plateau, cit\u00e9 dans le cas \u00a0de cette proc\u00e9dure et inculp\u00e9, sera entendu quand l\u2019Assembl\u00e9e nationale \u00a0va lever son immunit\u00e9 pour pouvoir poursuivre les enqu\u00eates le \u00a0concernant.\u00a0<\/p>\n<p>\u00ab Nous avons fait une disjonction \u00a0de proc\u00e9dure et un r\u00e8glement partiel qui a permis donc de r\u00e9gler la \u00a0proc\u00e9dure en ce qui concerne l\u2019ancien maire, et une fois que nous aurons \u00a0l\u2019habilitation de la repr\u00e9sentation nationale, nous aurons la \u00a0possibilit\u00e9 de poursuivre les enqu\u00eates et les instructions en ce qui \u00a0concerne l\u2019actuel maire \u00bb, a-t-il poursuivi. \u00a0<\/p>\n<p>Le \u00a0procureur s\u2019est par ailleurs prononc\u00e9 sur les poursuites engag\u00e9es \u00a0contre Valentin Kouassi Diby, pr\u00e9sident de la jeunesse urbaine du Parti \u00a0d\u00e9mocratique de C\u00f4te d\u2019Ivoire (Pdci), relevant qu\u2019 il a appel\u00e9 au cours \u00a0d\u2019un meeting le 23 juin 2019 \u00ab \u00e0 un soul\u00e8vement des populations en cas \u00a0de non r\u00e9forme de la Commission \u00e9lectorale ind\u00e9pendante \u00a0(CEI) \u00bb.<\/p>\n<p>\u00ab \u00a0De tels propos, incitant les populations \u00e0 se dresser les unes contre \u00a0les autres et contre les institutions, \u00a0sont dangereux pour l\u2019ordre \u00a0public. Ce genre de propos qu\u2019on tient sont \u00e0 la base d\u2019oppositions \u00a0inter-ethniques et des conflits intercommunautaires \u00bb, a ajout\u00e9 le \u00a0procureur.\u00a0<\/p>\n<p>\u00a0M. Richard Adou a appel\u00e9, de ce \u00a0faut, \u00e0 \u00ab la mod\u00e9ration, \u00e0 la retenue et \u00e0 la responsabilit\u00e9 \u00bb, \u00a0mentionnant que \u00a0\u00ab quand on est leader, au moment o\u00f9 on prend la parole, \u00a0il faut se souvenir que la C\u00f4te d\u2019Ivoire revient de loin et que nous \u00a0n\u2019avons pas le droit de la replonger vers certaines ab\u00eemes \u00bb. \u00a0<\/p>\n<\/div>\n<p>Auteur: APA News<br \/>\n<a href=\"https:\/\/www.journalducameroun.com\/cote-divoire-un-mandat-darret-international-decerne-contre-akossi-bendjo-ex-maire-du-plateau\/\">Cliquez ici pour lire l&rsquo;article depuis sa source.<\/a><\/p>\n","protected":false},"excerpt":{"rendered":"<p>Publi\u00e9 le 05.07.2019 \u00e0 21h18 par APA News Un mandat d\u2019arr\u00eat international a \u00e9t\u00e9 d\u00e9cern\u00e9 contre Akossi Bendjo, ex-maire du Plateau, le Centre administratif et des Affaires d\u2019Abidjan, condamn\u00e9 \u00e0 20 ans de prison et plus de 10 milliards Fcfa d\u2019amende pour d\u00e9tournement de fonds publics, a dit vendredi \u00e0 la presse le procureur de [&hellip;]<\/p>\n","protected":false},"author":1965,"featured_media":0,"comment_status":"closed","ping_status":"closed","sticky":false,"template":"","format":"standard","meta":{"fifu_image_url":"","fifu_image_alt":"","footnotes":""},"categories":[73,82],"tags":[],"class_list":["post-44634","post","type-post","status-publish","format-standard","hentry","category-actualite","category-cameroun"],"_links":{"self":[{"href":"https:\/\/linitiative.ca\/International\/wp-json\/wp\/v2\/posts\/44634","targetHints":{"allow":["GET"]}}],"collection":[{"href":"https:\/\/linitiative.ca\/International\/wp-json\/wp\/v2\/posts"}],"about":[{"href":"https:\/\/linitiative.ca\/International\/wp-json\/wp\/v2\/types\/post"}],"author":[{"embeddable":true,"href":"https:\/\/linitiative.ca\/International\/wp-json\/wp\/v2\/users\/1965"}],"replies":[{"embeddable":true,"href":"https:\/\/linitiative.ca\/International\/wp-json\/wp\/v2\/comments?post=44634"}],"version-history":[{"count":0,"href":"https:\/\/linitiative.ca\/International\/wp-json\/wp\/v2\/posts\/44634\/revisions"}],"wp:attachment":[{"href":"https:\/\/linitiative.ca\/International\/wp-json\/wp\/v2\/media?parent=44634"}],"wp:term":[{"taxonomy":"category","embeddable":true,"href":"https:\/\/linitiative.ca\/International\/wp-json\/wp\/v2\/categories?post=44634"},{"taxonomy":"post_tag","embeddable":true,"href":"https:\/\/linitiative.ca\/International\/wp-json\/wp\/v2\/tags?post=44634"}],"curies":[{"name":"wp","href":"https:\/\/api.w.org\/{rel}","templated":true}]}}