{"id":44635,"date":"2019-07-05T16:50:02","date_gmt":"2019-07-05T20:50:02","guid":{"rendered":"https:\/\/linitiative.ca\/International\/venezuela-guaido-exhorte-ses-partisans-a-ne-pas-se-rendre\/"},"modified":"2019-07-05T16:50:02","modified_gmt":"2019-07-05T20:50:02","slug":"venezuela-guaido-exhorte-ses-partisans-a-ne-pas-se-rendre","status":"publish","type":"post","link":"https:\/\/linitiative.ca\/International\/venezuela-guaido-exhorte-ses-partisans-a-ne-pas-se-rendre\/","title":{"rendered":"Venezuela : Guaido exhorte ses partisans \u00e0 \u00ab\u00a0ne pas se rendre\u00a0\u00bb"},"content":{"rendered":"<div readability=\"32\">\n<p>Publi\u00e9 le 05.07.2019 \u00e0 21h50 par AFP<\/p>\n<\/div>\n<div readability=\"107\">\n<p>L\u2019opposant v\u00e9n\u00e9zu\u00e9lien Juan Guaido, qui tente depuis pr\u00e8s de six mois de d\u00e9loger Nicolas Maduro de la pr\u00e9sidence, a exhort\u00e9 vendredi ses partisans \u00ab\u00a0\u00e0 ne pas se rendre\u00a0\u00bb lors d\u2019une manifestation \u00e0 Caracas, alors que tout dialogue avec le gouvernement est pour l\u2019heure suspendu.<\/p>\n<p>\u00ab\u00a0Ne vous rendez pas! Nous allons y arriver! N\u2019ayez aucun doute, nous allons r\u00e9ussir\u00a0\u00bb, a lanc\u00e9 Juan Guaido \u00e0 ses sympathisants venus manifester \u00e0 ses c\u00f4t\u00e9s contre le pr\u00e9sident socialiste, \u00e0 l\u2019occasion de la F\u00eate nationale.<\/p>\n<p>Cette marche \u00ab\u00a0contre les violations des droits de l\u2019homme\u00a0\u00bb perp\u00e9tr\u00e9es, selon les participants, par la \u00ab\u00a0dictature\u00a0\u00bb de Nicolas Maduro, a r\u00e9uni quelques milliers de personnes, alors que les manifestations du d\u00e9but de l\u2019ann\u00e9e rassemblaient des dizaines de milliers de sympathisants.<\/p>\n<p>\u00ab\u00a0Je vous demande d\u2019avoir confiance. S\u2019il y a des doutes? Oui, il y en a. C\u2019est naturel (\u2026), nous \u00e9coutons et acceptons les critiques, mais je vous demande d\u2019avoir confiance en nous\u00a0\u00bb, a encore d\u00e9clar\u00e9 Juan Guaido, juch\u00e9 sur une camionnette.<\/p>\n<p>\u00ab\u00a0Parfois ma motivation baisse, mais je ne vais pas m\u2019arr\u00eater de manifester\u00a0\u00bb, a expliqu\u00e9 \u00e0 l\u2019AFP Rocio Gonzalez, une sympathisante.<\/p>\n<p>L\u2019opposant de centre droit, reconnu pr\u00e9sident par int\u00e9rim par une cinquantaine de pays, tente depuis janvier de chasser Nicolas Maduro du pouvoir, un \u00ab\u00a0usurpateur\u00a0\u00bb qui a obtenu un nouveau mandat gr\u00e2ce \u00e0 la pr\u00e9sidentielle \u00ab\u00a0frauduleuse\u00a0\u00bb de 2018, selon lui.<\/p>\n<p>Juan Guaido s\u2019est aussi engag\u00e9 sur la voie du dialogue avec le gouvernement. Deux rounds de pourparlers ont eu lieu en mai \u00e0 Oslo entre les d\u00e9l\u00e9gu\u00e9s de l\u2019opposition et ceux du camp pr\u00e9sidentiel, sans r\u00e9sultat tangible.<\/p>\n<p>Mais cette semaine, il a exclu tout nouveau dialogue apr\u00e8s le d\u00e9c\u00e8s du capitaine de corvette Rafael Acosta Arevalo, un soldat mort en d\u00e9tention \u00ab\u00a0apr\u00e8s avoir \u00e9t\u00e9 tortur\u00e9\u00a0\u00bb sur ordre de la \u00ab\u00a0dictature meurtri\u00e8re\u00a0\u00bb.<\/p>\n<p>Dans son discours de vendredi, Juan Guaido a pr\u00e9cis\u00e9 \u00ab\u00a0ne pas avoir peur\u00a0\u00bb du dialogue, si ce dernier permet de concr\u00e9tiser les trois objectifs qu\u2019il lui a assign\u00e9s: le d\u00e9part de Nicolas Maduro, la mise en place d\u2019un \u00ab\u00a0gouvernement de transition\u00a0\u00bb et l\u2019organisation d&rsquo;\u00a0\u00bb\u00e9lections libres\u00a0\u00bb.<\/p>\n<p>Peu de temps auparavant, \u00e0 l\u2019autre bout de Caracas, Nicolas Maduro a lui-m\u00eame \u00e9voqu\u00e9 le dialogue, lors d\u2019un discours prononc\u00e9 \u00e0 l\u2019issue du d\u00e9fil\u00e9 militaire de la F\u00eate nationale. Il a r\u00e9p\u00e9t\u00e9 son \u00ab\u00a0appel\u00a0\u00bb \u00e0 de nouveaux pourparlers.<\/p>\n<p>\u00ab\u00a0La semaine prochaine, nous vous annoncerons de bonnes nouvelles\u00a0\u00bb, a promis le chef de l\u2019Etat, qui se r\u00e9clame de l\u2019h\u00e9ritage du d\u00e9funt pr\u00e9sident Hugo Chavez.<\/p>\n<\/div>\n<p>Auteur: AFP<br \/>\n<a href=\"https:\/\/www.journalducameroun.com\/venezuela-guaido-exhorte-ses-partisans-a-ne-pas-se-rendre\/\">Cliquez ici pour lire l&rsquo;article depuis sa source.<\/a><\/p>\n","protected":false},"excerpt":{"rendered":"<p>Publi\u00e9 le 05.07.2019 \u00e0 21h50 par AFP L\u2019opposant v\u00e9n\u00e9zu\u00e9lien Juan Guaido, qui tente depuis pr\u00e8s de six mois de d\u00e9loger Nicolas Maduro de la pr\u00e9sidence, a exhort\u00e9 vendredi ses partisans \u00ab\u00a0\u00e0 ne pas se rendre\u00a0\u00bb lors d\u2019une manifestation \u00e0 Caracas, alors que tout dialogue avec le gouvernement est pour l\u2019heure suspendu. \u00ab\u00a0Ne vous rendez pas! [&hellip;]<\/p>\n","protected":false},"author":1965,"featured_media":0,"comment_status":"closed","ping_status":"closed","sticky":false,"template":"","format":"standard","meta":{"fifu_image_url":"","fifu_image_alt":"","footnotes":""},"categories":[73,82],"tags":[],"class_list":["post-44635","post","type-post","status-publish","format-standard","hentry","category-actualite","category-cameroun"],"_links":{"self":[{"href":"https:\/\/linitiative.ca\/International\/wp-json\/wp\/v2\/posts\/44635","targetHints":{"allow":["GET"]}}],"collection":[{"href":"https:\/\/linitiative.ca\/International\/wp-json\/wp\/v2\/posts"}],"about":[{"href":"https:\/\/linitiative.ca\/International\/wp-json\/wp\/v2\/types\/post"}],"author":[{"embeddable":true,"href":"https:\/\/linitiative.ca\/International\/wp-json\/wp\/v2\/users\/1965"}],"replies":[{"embeddable":true,"href":"https:\/\/linitiative.ca\/International\/wp-json\/wp\/v2\/comments?post=44635"}],"version-history":[{"count":0,"href":"https:\/\/linitiative.ca\/International\/wp-json\/wp\/v2\/posts\/44635\/revisions"}],"wp:attachment":[{"href":"https:\/\/linitiative.ca\/International\/wp-json\/wp\/v2\/media?parent=44635"}],"wp:term":[{"taxonomy":"category","embeddable":true,"href":"https:\/\/linitiative.ca\/International\/wp-json\/wp\/v2\/categories?post=44635"},{"taxonomy":"post_tag","embeddable":true,"href":"https:\/\/linitiative.ca\/International\/wp-json\/wp\/v2\/tags?post=44635"}],"curies":[{"name":"wp","href":"https:\/\/api.w.org\/{rel}","templated":true}]}}