{"id":44636,"date":"2019-07-05T17:50:02","date_gmt":"2019-07-05T21:50:02","guid":{"rendered":"https:\/\/linitiative.ca\/International\/en-ecosse-johnson-et-hunt-promettent-de-barrer-la-route-des-independantistes\/"},"modified":"2019-07-05T17:50:02","modified_gmt":"2019-07-05T21:50:02","slug":"en-ecosse-johnson-et-hunt-promettent-de-barrer-la-route-des-independantistes","status":"publish","type":"post","link":"https:\/\/linitiative.ca\/International\/en-ecosse-johnson-et-hunt-promettent-de-barrer-la-route-des-independantistes\/","title":{"rendered":"En \u00c9cosse, Johnson et Hunt promettent de barrer la route des ind\u00e9pendantistes"},"content":{"rendered":"<div readability=\"32\">\n<p>Publi\u00e9 le 05.07.2019 \u00e0 22h50 par AFP<\/p>\n<\/div>\n<div readability=\"153\">\n<p>Les deux candidats \u00e0 Downing Street, Jeremy Hunt et Boris Johnson, ont promis de barrer la route des ind\u00e9pendantistes \u00e9cossais vendredi soir \u00e0 Perth, en Ecosse, devant des militants conservateurs qui craignent qu\u2019un Brexit \u00ab\u00a0dur\u00a0\u00bb ne sonne le glas du Royaume-Uni.<\/p>\n<p>Favori des militants de base du Parti conservateur pour succ\u00e9der \u00e0 la Premi\u00e8re ministre britannique Theresa May, Boris Johnson s\u2019est engag\u00e9 avec fougue \u00e0 \u00ab\u00a0prot\u00e9ger et d\u00e9fendre l\u2019union\u00a0\u00bb du pays, suscitant des acclamations.<\/p>\n<p>\u00ab\u00a0Un Brexit r\u00e9ussi peut enraciner et intensifier l\u2019union\u00a0\u00bb, a aussi fait valoir celui qui fut l\u2019un des plus fervents d\u00e9fenseurs de la sortie du Royaume-Uni de l\u2019Union europ\u00e9enne lors de la campagne du r\u00e9f\u00e9rendum de 2016.<\/p>\n<p>Les Ecossais se sont d\u00e9j\u00e0 exprim\u00e9s sur l\u2019ind\u00e9pendance de leur nation en septembre 2014, rejetant \u00e0 55% cette option. Mais la Premi\u00e8re ministre \u00e9cossaise et cheffe du parti ind\u00e9pendantiste SNP, Nicola Sturgeon, compte organiser un second r\u00e9f\u00e9rendum d\u2019ici 2021, estimant que le Brexit a chang\u00e9 la donne.<\/p>\n<p>Le r\u00e9f\u00e9rendum de 2014 \u00e9tait \u00ab\u00a0vraiment terrifiant\u00a0\u00bb, a d\u00e9clar\u00e9 Jeremy Hunt lors du meeting organis\u00e9 \u00e0 Perth, ville d\u2019environ 45.000 habitants situ\u00e9e \u00e0 70 km au nord d\u2019Edimbourg.<\/p>\n<p>S\u2019il est \u00e9lu Premier ministre et que Nicola Sturgeon lui demande l\u2019autorisation d\u2019organiser un second r\u00e9f\u00e9rendum sur l\u2019ind\u00e9pendance de l\u2019Ecosse, il lui r\u00e9pondra un \u00ab\u00a0non poli\u00a0\u00bb.<\/p>\n<p>\u00ab\u00a0Je ne permettrai jamais de d\u00e9molir notre union\u00a0\u00bb, a-t-il d\u00e9clar\u00e9 sous les vivats.<\/p>\n<p>\u2013 Un bon \u00ab\u00a0amuseur public\u00a0\u00bb \u2013<\/p>\n<p>Ce meeting \u00e9tait la quatri\u00e8me visite en \u00c9cosse de Jeremy Hunt, qui n\u2019a pas manqu\u00e9 de se faire photographier le mois dernier buvant un Irn-Bru, soda tr\u00e8s populaire chez les Ecossais, dans le port de Peterhead. Il b\u00e9n\u00e9ficie aussi du soutien de la tr\u00e8s populaire cheffe du Parti conservateur \u00e9cossais, Ruth Davidson.<\/p>\n<p>Pour son rival Boris Johnson, en revanche, c\u2019\u00e9tait la premi\u00e8re incursion en terre \u00e9cossaise depuis le d\u00e9but de la campagne.<\/p>\n<p>Si Boris Johnson est le pr\u00e9f\u00e9r\u00e9 des 160.000 membres du Parti conservateur qui d\u00e9partageront les deux finalistes, il lui reste \u00e0 s\u00e9duire les Ecossais.<\/p>\n<p>\u00ab\u00a0Il est tr\u00e8s populaire en Angleterre, mais il est moins connu en \u00c9cosse, et il va avoir un gros travail dans les prochaines semaines pour montrer qu\u2019il agit dans l\u2019int\u00e9r\u00eat de l\u2019Ecosse\u00a0\u00bb a expliqu\u00e9 \u00e0 l\u2019AFP Craig Hoy, conseiller conservateur \u00e0 East Lothian, \u00e0 l\u2019est d\u2019Edimbourg.<\/p>\n<p>Apr\u00e8s avoir \u00e9cout\u00e9 les deux candidats exposer leurs programmes et r\u00e9pondre aux questions, Ryan Kelly, 18 ans, a tranch\u00e9: ce sera \u00ab\u00a0Jeremy Hunt\u00a0\u00bb. \u00ab\u00a0On a besoin de rassembler les gens, pas de cr\u00e9er de plus amples divisions\u00a0\u00bb, a-t-il justifi\u00e9 aupr\u00e8s de l\u2019AFP, comparant Boris Johnson au pr\u00e9sident am\u00e9ricain Donald Trump. \u00ab\u00a0Aux Etats-Unis, l\u2019\u00e9conomie va tr\u00e8s bien mais la soci\u00e9t\u00e9 est tellement divis\u00e9e\u2026\u00a0\u00bb commente-t-il.<\/p>\n<p>\u00ab\u00a0Boris est un tr\u00e8s bon amuseur public mais j\u2019aimerais quelqu\u2019un avec un peu plus de substance\u00a0\u00bb, estime aussi Rhona Metcalfe, 49 ans, cheffe d\u2019une petite entreprise.<\/p>\n<p>Quelque 200 manifestants s\u2019\u00e9taient rassembl\u00e9s, drapeaux \u00e9cossais bleu et blanc au poing, en face du lieu o\u00f9 se r\u00e9unissaient les conservateurs, r\u00e9clamant bruyamment l\u2019ind\u00e9pendance de l\u2019Ecosse.<\/p>\n<p>Parmi eux, Wren Chapman, 54 ans, venue de Glasgow, a d\u00e9clar\u00e9 \u00e0 l\u2019AFP que les conservateurs ont \u00ab\u00a0beaucoup aid\u00e9 la cause de l\u2019ind\u00e9pendance parce qu\u2019ils ont fait une telle pagaille avec le Brexit\u00a0\u00bb.<\/p>\n<p>Si, jusqu\u2019\u00e0 l\u2019an dernier, le rapport de force entre pro- et anti-ind\u00e9pendance avait peu \u00e9volu\u00e9, quatre sondages publi\u00e9s entre mi-avril et mi-juin montrent que le vote en faveur de l\u2019ind\u00e9pendance a gagn\u00e9 quelques points, atteignant en moyenne 48%.<\/p>\n<p>Certains s\u2019inqui\u00e8tent des promesses de Boris Johnson de faire sortir le pays de l\u2019UE fin octobre, accord ou non. Les Ecossais ont vot\u00e9 \u00e0 62% contre le Brexit lors du r\u00e9f\u00e9rendum de juin 2016 et craignent les cons\u00e9quences sur leur \u00e9conomie d\u2019une rupture brutale avec l\u2019UE. Un r\u00e9cent sondage montre ainsi que plus de la moiti\u00e9 (53%) d\u2019entre eux voterait pour l\u2019ind\u00e9pendance si Boris Johnson devenait Premier ministre.<\/p>\n<p>Jeudi, Theresa May a exhort\u00e9 son futur successeur \u00e0 pr\u00e9server l\u2019unit\u00e9 du pays. Dans un discours prononc\u00e9 \u00e0 Stirling, en Ecosse, elle a soulign\u00e9 l\u2019importance pour cela de conclure un \u00ab\u00a0bon\u00a0\u00bb accord avec l\u2019UE.<\/p>\n<\/div>\n<p>Auteur: AFP<br \/>\n<a href=\"https:\/\/www.journalducameroun.com\/en-ecosse-johnson-et-hunt-promettent-de-barrer-la-route-des-independantistes\/\">Cliquez ici pour lire l&rsquo;article depuis sa source.<\/a><\/p>\n","protected":false},"excerpt":{"rendered":"<p>Publi\u00e9 le 05.07.2019 \u00e0 22h50 par AFP Les deux candidats \u00e0 Downing Street, Jeremy Hunt et Boris Johnson, ont promis de barrer la route des ind\u00e9pendantistes \u00e9cossais vendredi soir \u00e0 Perth, en Ecosse, devant des militants conservateurs qui craignent qu\u2019un Brexit \u00ab\u00a0dur\u00a0\u00bb ne sonne le glas du Royaume-Uni. Favori des militants de base du Parti [&hellip;]<\/p>\n","protected":false},"author":1965,"featured_media":0,"comment_status":"closed","ping_status":"closed","sticky":false,"template":"","format":"standard","meta":{"fifu_image_url":"","fifu_image_alt":"","footnotes":""},"categories":[73,82],"tags":[],"class_list":["post-44636","post","type-post","status-publish","format-standard","hentry","category-actualite","category-cameroun"],"_links":{"self":[{"href":"https:\/\/linitiative.ca\/International\/wp-json\/wp\/v2\/posts\/44636","targetHints":{"allow":["GET"]}}],"collection":[{"href":"https:\/\/linitiative.ca\/International\/wp-json\/wp\/v2\/posts"}],"about":[{"href":"https:\/\/linitiative.ca\/International\/wp-json\/wp\/v2\/types\/post"}],"author":[{"embeddable":true,"href":"https:\/\/linitiative.ca\/International\/wp-json\/wp\/v2\/users\/1965"}],"replies":[{"embeddable":true,"href":"https:\/\/linitiative.ca\/International\/wp-json\/wp\/v2\/comments?post=44636"}],"version-history":[{"count":0,"href":"https:\/\/linitiative.ca\/International\/wp-json\/wp\/v2\/posts\/44636\/revisions"}],"wp:attachment":[{"href":"https:\/\/linitiative.ca\/International\/wp-json\/wp\/v2\/media?parent=44636"}],"wp:term":[{"taxonomy":"category","embeddable":true,"href":"https:\/\/linitiative.ca\/International\/wp-json\/wp\/v2\/categories?post=44636"},{"taxonomy":"post_tag","embeddable":true,"href":"https:\/\/linitiative.ca\/International\/wp-json\/wp\/v2\/tags?post=44636"}],"curies":[{"name":"wp","href":"https:\/\/api.w.org\/{rel}","templated":true}]}}