{"id":44667,"date":"2019-07-05T13:46:37","date_gmt":"2019-07-05T17:46:37","guid":{"rendered":"https:\/\/linitiative.ca\/International\/sonara-un-comite-pour-baisser-la-masse-salariale\/"},"modified":"2019-07-05T13:46:37","modified_gmt":"2019-07-05T17:46:37","slug":"sonara-un-comite-pour-baisser-la-masse-salariale","status":"publish","type":"post","link":"https:\/\/linitiative.ca\/International\/sonara-un-comite-pour-baisser-la-masse-salariale\/","title":{"rendered":"Sonara: un comit\u00e9 pour baisser la masse salariale"},"content":{"rendered":"<p>La note de service date du 1er juillet 2019. Elle porte cr\u00e9ation et d\u00e9signation des membres d\u2019un comit\u00e9 ad hoc charg\u00e9 d\u2019examiner et proposer la r\u00e9duction de la masse salariale de la Soci\u00e9t\u00e9 nationale de raffinage (Sonara), durant la p\u00e9riode d\u2019arr\u00eat des unit\u00e9s. P\u00e9riode qui s\u2019\u00e9tend officiellement sur 10 mois. Ledit comit\u00e9 a pour missions de \u00ab<em>r\u00e9pertorier tous les avantages et primes octroy\u00e9s au personnel, examiner leur pertinence et leur n\u00e9cessit\u00e9, proposer, le cas \u00e9ch\u00e9ant, la r\u00e9duction de certains avantages et primes<\/em>\u00bb, durant ladite p\u00e9riode.<\/p>\n<p>La Commission dirig\u00e9e par <strong>Chetima Hamidou<\/strong>, le Directeur administratif et des ressources humaines de la Sonara, a \u00e9galement pr\u00e9rogatives de \u00ab<em>proposer les dates de prise d\u2019effet de chaque mesure retenue<\/em>\u00bb, ainsi que de \u00abproposer, le cas \u00e9ch\u00e9ant, un plan d\u2019action\u00bb. Cette derni\u00e8re mesure fait partie int\u00e9grante d\u2019un train de mesures de crise adopt\u00e9es par le top management de la Sonara apr\u00e8s le grave incendie survenu dans cette raffinerie, le 31 mai 2019. Le 11 juin 2019, le Premier Ministre Joseph Dion Ngute, a cr\u00e9\u00e9 sur hautes instructions du Pr\u00e9sident de la R\u00e9publique, une Commission d\u2019enqu\u00eate charg\u00e9e de faire la lumi\u00e8re sur ce drame. Une \u00e9quipe directionnelle de crise avait par la suite \u00e9t\u00e9 mise en place pour conduire la p\u00e9riode de soudure \u00e0 la Sonara. Parmi les premi\u00e8res mesures prises par ce comit\u00e9, figurait le \u00ab<em>recensement des employ\u00e9s apr\u00e8s embauche<\/em>\u00bb.<\/p>\n<p>La note de service sign\u00e9e ce 1er juillet entre dans le cadre de ce vaste chantier de restructuration engag\u00e9 par <strong>Jean Paul Simo Njonou<\/strong>, le Directeur g\u00e9n\u00e9ral de la Sonara. Qui devra cette fois coordonner la douloureuse mission de diminuer l\u2019effectif des employ\u00e9s de la Sonara, et la masse salariale induite. Chetima Hamidou sera accompagn\u00e9 dans sa t\u00e2che par <strong>G\u00e9rald Motanga<\/strong>, le Directeur des affaires g\u00e9n\u00e9rales de la Sonara, <strong>Albert L\u00e9onard Dikoume<\/strong>, Directeur financier et comptable par interim, Savio Manga Elo, Directeur de la maintenance par int\u00e9rim, <strong>Albert Lysinge Chei<\/strong>, Directeur de la maintenance par int\u00e9rim, <strong>Biko\u00ef Biko\u00ef<\/strong>, le Directeur de l\u2019exploitation par int\u00e9rim, <strong>S\u00e9verin Tagne Tebou<\/strong>, Chef de D\u00e9partement juridique et des assurances, <strong>Lembe Francis<\/strong>, <strong>Lifaka Mathias<\/strong>, les d\u00e9l\u00e9gu\u00e9s du personnel, et <strong>Renette Mepouli Onanena<\/strong>, Chef de D\u00e9partement des ressources humaines.<\/p>\n<p>A titre de rappel, l\u2019incendie de la Sonara, dans la nuit du 31 mai au 1er juin 2019 a enti\u00e8rement consum\u00e9 les unit\u00e9s 10 (distillation atmosph\u00e9rique), 30 (fractionnement et stabilisation des essences), 40 (fractionnement des gaz plants et de lavage de buspo, gaz domestique), et 70 (traitement des eaux de proc\u00e9d\u00e9s), de la raffinerie. Les unit\u00e9s 20, 50 et 100, les \u00e9quipements d\u2019analyse, le laboratoire et les bureaux ont \u00e9t\u00e9 partiellement endommag\u00e9s.<\/p>\n<div class=\"about-author about-author-box container-wrapper\">\n<div class=\"author-avatar\">\n<p><img decoding=\"async\" src=\"http:\/\/\" alt=\"\"\/><\/p>\n<\/div>\n<p><h4>La R\u00e9daction EcoMatin<\/h4>\n<\/p>\n<\/div>\n<div class=\"awac-wrapper awac widget blog_subscription-2\">\n<h4 class=\"widget-title\">Abonnez-vous \u00e0 notre lettre d&rsquo;information<\/h4>\n<\/div>\n<p>Auteur: EcoMatin<br \/>\n<a href=\"https:\/\/ecomatin.net\/sonara-un-comite-pour-baisser-la-masse-salariale\/\">Cliquez ici pour lire l&rsquo;article depuis sa source.<\/a><\/p>\n","protected":false},"excerpt":{"rendered":"<p>La note de service date du 1er juillet 2019. Elle porte cr\u00e9ation et d\u00e9signation des membres d\u2019un comit\u00e9 ad hoc charg\u00e9 d\u2019examiner et proposer la r\u00e9duction de la masse salariale de la Soci\u00e9t\u00e9 nationale de raffinage (Sonara), durant la p\u00e9riode d\u2019arr\u00eat des unit\u00e9s. P\u00e9riode qui s\u2019\u00e9tend officiellement sur 10 mois. Ledit comit\u00e9 a pour missions [&hellip;]<\/p>\n","protected":false},"author":1969,"featured_media":0,"comment_status":"closed","ping_status":"closed","sticky":false,"template":"","format":"standard","meta":{"fifu_image_url":"","fifu_image_alt":"","footnotes":""},"categories":[82,78],"tags":[],"class_list":["post-44667","post","type-post","status-publish","format-standard","hentry","category-cameroun","category-economie"],"_links":{"self":[{"href":"https:\/\/linitiative.ca\/International\/wp-json\/wp\/v2\/posts\/44667","targetHints":{"allow":["GET"]}}],"collection":[{"href":"https:\/\/linitiative.ca\/International\/wp-json\/wp\/v2\/posts"}],"about":[{"href":"https:\/\/linitiative.ca\/International\/wp-json\/wp\/v2\/types\/post"}],"author":[{"embeddable":true,"href":"https:\/\/linitiative.ca\/International\/wp-json\/wp\/v2\/users\/1969"}],"replies":[{"embeddable":true,"href":"https:\/\/linitiative.ca\/International\/wp-json\/wp\/v2\/comments?post=44667"}],"version-history":[{"count":0,"href":"https:\/\/linitiative.ca\/International\/wp-json\/wp\/v2\/posts\/44667\/revisions"}],"wp:attachment":[{"href":"https:\/\/linitiative.ca\/International\/wp-json\/wp\/v2\/media?parent=44667"}],"wp:term":[{"taxonomy":"category","embeddable":true,"href":"https:\/\/linitiative.ca\/International\/wp-json\/wp\/v2\/categories?post=44667"},{"taxonomy":"post_tag","embeddable":true,"href":"https:\/\/linitiative.ca\/International\/wp-json\/wp\/v2\/tags?post=44667"}],"curies":[{"name":"wp","href":"https:\/\/api.w.org\/{rel}","templated":true}]}}