{"id":44669,"date":"2019-07-06T04:01:08","date_gmt":"2019-07-06T08:01:08","guid":{"rendered":"https:\/\/linitiative.ca\/International\/le-festival-festibaz-a-meknes\/"},"modified":"2019-07-06T04:01:08","modified_gmt":"2019-07-06T08:01:08","slug":"le-festival-festibaz-a-meknes","status":"publish","type":"post","link":"https:\/\/linitiative.ca\/International\/le-festival-festibaz-a-meknes\/","title":{"rendered":"Le Festival \u00abFestiBaz\u00bb \u00e0 Mekn\u00e8s"},"content":{"rendered":"<header>\n<\/header>\n<div class=\"entry-content clearfix\" readability=\"46\"><img decoding=\"async\" class=\"post_layout_5_img\" src=\"http:\/\/aujourdhui.ma\/wp-content\/uploads\/2019\/07\/FestiBaz-festival-meknes.jpg?x29840\" alt=\"Le Festival \u00abFestiBaz\u00bb \u00e0 Mekn\u00e8s\"\/><\/p>\n<p class=\"p1\"><span class=\"s1\"><span class=\"c4\"><strong>Le village de Kasbat B\u00e9ni Ammar de Zerhoun, dans la r\u00e9gion de Mekn\u00e8s, abritera du 25 au 28 juillet la douzi\u00e8me \u00e9dition du Festival \u00abFestiBaz\u00bb, en reconnaissance des multiples et loyaux services rendus par l\u2019\u00e2ne, autour du th\u00e8me \u00abFid\u00e8le et serviable, rendez-lui justice\u00bb.<\/strong><\/span><\/span><\/p>\n<p class=\"p1\"><span class=\"s1\">Ce festival insolite, qui gagne en c\u00e9l\u00e9brit\u00e9 au fil des ans, rend un hommage \u00e0 cet animal \u00absi doux\u00bb. L\u2019\u00e9v\u00e9nement est organis\u00e9 par l\u2019Association pour la relance d\u2019un d\u00e9veloppement int\u00e9gr\u00e9 (ARDI). Cette manifestation sera marqu\u00e9e par l\u2019organisation d\u2019une conf\u00e9rence sur la strat\u00e9gie du minist\u00e8re de la culture et de la communication pour la relance de la culture et des arts en milieu rural et la pr\u00e9sentation de l\u2019ouvrage \u00abLa biographie d\u2019un \u00e2ne\u00bb de l\u2019\u00e9crivain Hassan Aourid.<\/span><\/p>\n<\/div>\n<p>Auteur: ALM<br \/>\n<a href=\"http:\/\/aujourdhui.ma\/culture\/le-festival-festibaz-a-meknes\">Cliquez ici pour lire l&rsquo;article depuis sa source.<\/a><\/p>\n","protected":false},"excerpt":{"rendered":"<p>Le village de Kasbat B\u00e9ni Ammar de Zerhoun, dans la r\u00e9gion de Mekn\u00e8s, abritera du 25 au 28 juillet la douzi\u00e8me \u00e9dition du Festival \u00abFestiBaz\u00bb, en reconnaissance des multiples et loyaux services rendus par l\u2019\u00e2ne, autour du th\u00e8me \u00abFid\u00e8le et serviable, rendez-lui justice\u00bb. Ce festival insolite, qui gagne en c\u00e9l\u00e9brit\u00e9 au fil des ans, rend [&hellip;]<\/p>\n","protected":false},"author":1759,"featured_media":0,"comment_status":"closed","ping_status":"closed","sticky":false,"template":"","format":"standard","meta":{"fifu_image_url":"","fifu_image_alt":"","footnotes":""},"categories":[73,54],"tags":[],"class_list":["post-44669","post","type-post","status-publish","format-standard","hentry","category-actualite","category-maroc"],"_links":{"self":[{"href":"https:\/\/linitiative.ca\/International\/wp-json\/wp\/v2\/posts\/44669","targetHints":{"allow":["GET"]}}],"collection":[{"href":"https:\/\/linitiative.ca\/International\/wp-json\/wp\/v2\/posts"}],"about":[{"href":"https:\/\/linitiative.ca\/International\/wp-json\/wp\/v2\/types\/post"}],"author":[{"embeddable":true,"href":"https:\/\/linitiative.ca\/International\/wp-json\/wp\/v2\/users\/1759"}],"replies":[{"embeddable":true,"href":"https:\/\/linitiative.ca\/International\/wp-json\/wp\/v2\/comments?post=44669"}],"version-history":[{"count":0,"href":"https:\/\/linitiative.ca\/International\/wp-json\/wp\/v2\/posts\/44669\/revisions"}],"wp:attachment":[{"href":"https:\/\/linitiative.ca\/International\/wp-json\/wp\/v2\/media?parent=44669"}],"wp:term":[{"taxonomy":"category","embeddable":true,"href":"https:\/\/linitiative.ca\/International\/wp-json\/wp\/v2\/categories?post=44669"},{"taxonomy":"post_tag","embeddable":true,"href":"https:\/\/linitiative.ca\/International\/wp-json\/wp\/v2\/tags?post=44669"}],"curies":[{"name":"wp","href":"https:\/\/api.w.org\/{rel}","templated":true}]}}