{"id":44680,"date":"2019-07-06T11:46:21","date_gmt":"2019-07-06T15:46:21","guid":{"rendered":"https:\/\/linitiative.ca\/International\/rapport-sur-les-evenements-dal-hoceima-et-la-protection-des-droits-de-lhomme\/"},"modified":"2019-07-06T11:46:21","modified_gmt":"2019-07-06T15:46:21","slug":"rapport-sur-les-evenements-dal-hoceima-et-la-protection-des-droits-de-lhomme","status":"publish","type":"post","link":"https:\/\/linitiative.ca\/International\/rapport-sur-les-evenements-dal-hoceima-et-la-protection-des-droits-de-lhomme\/","title":{"rendered":"Rapport sur \u00ables \u00e9v\u00e9nements d\u2019Al-Hoceima et la protection des droits de l\u2019Homme\u00bb"},"content":{"rendered":"<p class=\"c4\"><span class=\"c3\"><strong><span class=\"c2\">L<\/span>e D\u00e9l\u00e9gu\u00e9 interminist\u00e9riel aux droits de l\u2019Homme (DIDH), Ahmed Chaouqui Benyoub, a pr\u00e9sent\u00e9 jeudi \u00e0 Rabat son rapport sur \u00ab\u00a0les \u00e9v\u00e9nements d\u2019Al-Hoceima et la protection des droits de l\u2019Homme\u00a0\u00bb.<\/strong><\/span><\/p>\n<p class=\"c4\">Le rapport d\u00e9voil\u00e9 lors du Forum de la MAP s\u2019articule autour de six chapitres \u00e0 savoir : les faits significatifs, le proc\u00e8s de Casablanca, les garanties d\u2019un proc\u00e8s \u00e9quitable, les actions et les efforts des autorit\u00e9s et des institutions constitutionnelles, les rencontres de communication et les initiatives des acteurs civils, ainsi que les conclusions sur le contexte, les manifestations, la m\u00e9moire et l\u2019espace et enfin les recommandations.<\/p>\n<p class=\"c4\">L\u2019accent est mis en effet sur la gen\u00e8se et l\u2019\u00e9volution des \u00e9v\u00e9nements, les revendications des activistes, l\u2019apparition de tensions lors des rassemblements avec ce qui en d\u00e9coule en termes d\u2019atteinte \u00e0 l\u2019ordre public, et la mani\u00e8re dont la classe politique a suivi les \u00e9v\u00e8nements que ce soit au sein du Parlement ou de la Cour des comptes, de m\u00eame que le r\u00f4le du Conseil national des droits de l\u2019Homme (CNDH).<\/p>\n<p class=\"c4\">Le Forum de la MAP est un espace de d\u00e9bat sur les questions d\u2019actualit\u00e9 aux plans politique, \u00e9conomique, culturel et social. Des repr\u00e9sentants des pouvoirs publics et des personnalit\u00e9s de divers horizons y sont convi\u00e9s.<\/p>\n<p>Auteur: rahal mehamed<br \/>\n<a href=\"http:\/\/albayane.press.ma\/rapport-sur-les-evenements-dal-hoceima-et-la-protection-des-droits-de-lhomme.html\">Cliquez ici pour lire l&rsquo;article depuis sa source.<\/a><\/p>\n","protected":false},"excerpt":{"rendered":"<p>Le D\u00e9l\u00e9gu\u00e9 interminist\u00e9riel aux droits de l\u2019Homme (DIDH), Ahmed Chaouqui Benyoub, a pr\u00e9sent\u00e9 jeudi \u00e0 Rabat son rapport sur \u00ab\u00a0les \u00e9v\u00e9nements d\u2019Al-Hoceima et la protection des droits de l\u2019Homme\u00a0\u00bb. Le rapport d\u00e9voil\u00e9 lors du Forum de la MAP s\u2019articule autour de six chapitres \u00e0 savoir : les faits significatifs, le proc\u00e8s de Casablanca, les garanties [&hellip;]<\/p>\n","protected":false},"author":1760,"featured_media":0,"comment_status":"closed","ping_status":"closed","sticky":false,"template":"","format":"standard","meta":{"fifu_image_url":"","fifu_image_alt":"","footnotes":""},"categories":[73,54],"tags":[],"class_list":["post-44680","post","type-post","status-publish","format-standard","hentry","category-actualite","category-maroc"],"_links":{"self":[{"href":"https:\/\/linitiative.ca\/International\/wp-json\/wp\/v2\/posts\/44680","targetHints":{"allow":["GET"]}}],"collection":[{"href":"https:\/\/linitiative.ca\/International\/wp-json\/wp\/v2\/posts"}],"about":[{"href":"https:\/\/linitiative.ca\/International\/wp-json\/wp\/v2\/types\/post"}],"author":[{"embeddable":true,"href":"https:\/\/linitiative.ca\/International\/wp-json\/wp\/v2\/users\/1760"}],"replies":[{"embeddable":true,"href":"https:\/\/linitiative.ca\/International\/wp-json\/wp\/v2\/comments?post=44680"}],"version-history":[{"count":0,"href":"https:\/\/linitiative.ca\/International\/wp-json\/wp\/v2\/posts\/44680\/revisions"}],"wp:attachment":[{"href":"https:\/\/linitiative.ca\/International\/wp-json\/wp\/v2\/media?parent=44680"}],"wp:term":[{"taxonomy":"category","embeddable":true,"href":"https:\/\/linitiative.ca\/International\/wp-json\/wp\/v2\/categories?post=44680"},{"taxonomy":"post_tag","embeddable":true,"href":"https:\/\/linitiative.ca\/International\/wp-json\/wp\/v2\/tags?post=44680"}],"curies":[{"name":"wp","href":"https:\/\/api.w.org\/{rel}","templated":true}]}}