{"id":44690,"date":"2019-07-05T18:47:28","date_gmt":"2019-07-05T22:47:28","guid":{"rendered":"https:\/\/linitiative.ca\/International\/coup-denvoi-du-20e-forum-pharmaceutique-international\/"},"modified":"2019-07-05T18:47:28","modified_gmt":"2019-07-05T22:47:28","slug":"coup-denvoi-du-20e-forum-pharmaceutique-international","status":"publish","type":"post","link":"https:\/\/linitiative.ca\/International\/coup-denvoi-du-20e-forum-pharmaceutique-international\/","title":{"rendered":"Coup d\u2019envoi du 20\u00e8 Forum Pharmaceutique International"},"content":{"rendered":"<div readability=\"41\">\n<p>Marrakech \u2013 Les travaux de la 20\u00e8 \u00e9dition du Forum Pharmaceutique International (FPI) ont d\u00e9but\u00e9, vendredi \u00e0 Marrakech, avec la participation d\u2019un parterre de responsables, d\u2019experts, de chercheurs, de sp\u00e9cialistes et de professionnels du secteur, venus de 27 pays des quatre coins du monde.<\/p>\n<\/div>\n<div readability=\"125\">\n<p>Organis\u00e9 sous l\u2019\u00e9gide du minist\u00e8re de la Sant\u00e9 et du Conseil national de l\u2019Ordre des Pharmaciens du Maroc, ce Forum, plac\u00e9 sous le th\u00e8me \u00ab\u00a0S\u00e9curit\u00e9 et qualit\u00e9 de l\u2019acte pharmaceutique et de biologie m\u00e9dicale\u00a0\u00bb, se veut un espace de partage des nouvelles exp\u00e9riences avec les universitaires, responsables de laboratoires de contr\u00f4le m\u00e9dical, pharmaciens d\u2019officines, industriels et distributeurs, mais \u00e9galement aupr\u00e8s des biologistes, des pharmaciens d\u2019h\u00f4pitaux, sans oublier les pharmaciens de cliniques.<\/p>\n<p>Ce conclave de deux jours offre l\u2019occasion aux pharmaciens africains, tous secteurs confondus, de prendre part \u00e0 une s\u00e9rie de conf\u00e9rences, d\u2019ateliers et de panels \u00e0 forte valeur ajout\u00e9e pour le secteur de la sant\u00e9. Les diff\u00e9rents axes soumis aux d\u00e9bats abondent tous dans le sens de l\u2019am\u00e9lioration de la s\u00e9curit\u00e9 m\u00e9dicale et pharmaceutique.<\/p>\n<p>Ainsi, cette \u00e9dition 2019 du FPI se focalise la qualit\u00e9 des m\u00e9dicaments, la couverture de sant\u00e9 universelle, la falsification des m\u00e9dicaments, la r\u00e9glementation du secteur et les d\u00e9fis de la sant\u00e9 en Afrique lors d\u2019ateliers th\u00e9matiques ax\u00e9s sur l\u2019\u00e9change d\u2019expertises, le renforcement et le d\u00e9veloppement des comp\u00e9tences dans les secteurs de la sant\u00e9 et pharmaceutique au niveau r\u00e9glementaire, sans oublier les diff\u00e9rents d\u00e9fis de la sant\u00e9 en Afrique, et l\u2019importance de la pr\u00e9vention pour mieux faire face aux maladies, ainsi que le r\u00f4le pr\u00e9pond\u00e9rant du pharmacien dans le syst\u00e8me de sant\u00e9.<\/p>\n<p>Le sujet des faux m\u00e9dicaments sera \u00e9galement abord\u00e9 puisque le Forum s\u2019int\u00e9resse aux diff\u00e9rentes m\u00e9thodes pour contrer ce ph\u00e9nom\u00e8ne en Afrique, et se penchera aussi sur le sujet de la mauvaise utilisation des antibiotiques.<\/p>\n<p>Les diff\u00e9rents intervenants lors de cette rencontre traiteront \u00e9galement une th\u00e9matique majeure, celle de la couverture m\u00e9dicale en Afrique.<\/p>\n<p>Pour le pr\u00e9sident du Conseil national de l\u2019Ordre des Pharmaciens, Hamza Guedira, l\u2019organisation de cette 20\u00e8 \u00e9dition du FPI est \u00ab\u00a0une \u00e9tape importante\u00a0\u00bb en ce sens que le Maroc accueille des sp\u00e9cialistes du domaine m\u00e9dical et pharmaceutique d\u2019Afrique et de pays de la Francophonie, pour partager de nouvelles exp\u00e9riences avec les universitaires, les responsables de laboratoires de contr\u00f4le m\u00e9dical, les pharmaciens d\u2019officines, les industriels et distributeurs, mais \u00e9galement aupr\u00e8s des biologistes, des pharmaciens d\u2019h\u00f4pitaux, sans oublier les pharmaciens de cliniques. \u00ab\u00a0Cela entre dans le cadre de l\u2019am\u00e9lioration de l\u2019acc\u00e8s aux soins de qualit\u00e9 au profit du citoyen marocain en particulier, et africain en g\u00e9n\u00e9ral\u00a0\u00bb, a-t-il dit.<\/p>\n<p>Cit\u00e9 dans un communiqu\u00e9 des organisateurs, M. Guedira a, en outre, indiqu\u00e9 que \u00ab\u00a0le secteur pharmaceutique au niveau du Continent africain souffre du fl\u00e9au de la contrebande et des faux m\u00e9dicaments \u00e0 grande \u00e9chelle\u00a0\u00bb.<\/p>\n<p>Il a, par ailleurs, soulign\u00e9 que le circuit des m\u00e9dicaments au Maroc est \u00ab\u00a0enti\u00e8rement s\u00e9curis\u00e9, mais qu\u2019il faut rester vigilant et poursuivre les efforts consentis \u00e0 ce propos\u00a0\u00bb.<\/p>\n<p>Cet \u00e9v\u00e9nement d\u2019envergure internationale place le Maroc strat\u00e9giquement aupr\u00e8s des diff\u00e9rents sp\u00e9cialistes du secteur m\u00e9dical en g\u00e9n\u00e9ral, et pharmaceutique plus sp\u00e9cifiquement, au vu du nombre de participants, de repr\u00e9sentations des institutions de sant\u00e9 et organismes professionnels, expliquent les organisateurs, relevant que l\u2019esprit du Forum est de cr\u00e9er un cadre appropri\u00e9 d\u2019\u00e9changes pour les pharmaciens de toutes sp\u00e9cialit\u00e9s, afin de partager les connaissances actualis\u00e9es n\u00e9cessaires \u00e0 l\u2019exercice de leur profession, de pr\u00e9server et de consolider le monopole pharmaceutique et \u00e9galement de r\u00e9fl\u00e9chir et de d\u00e9battre des questions d\u2019importance strat\u00e9gique dans le domaine de la sant\u00e9.<\/p>\n<p>Les travaux et d\u00e9bats engag\u00e9s lors de cette 20\u00e8 \u00e9dition du FPI, qui r\u00e9unit environ 3.000 participants, dont 600 pharmaciens africains et 80 exposants, aux c\u00f4t\u00e9s d\u2019autres repr\u00e9sentations, devraient \u00eatre sanctionn\u00e9s par des recommandations pour permettre de d\u00e9velopper l\u2019acc\u00e8s aux m\u00e9dicaments et plus pr\u00e9cis\u00e9ment en Afrique, un Continent qui souffre de nombreuses d\u00e9faillances et fait face \u00e0 de nombreux d\u00e9fis.<\/p>\n<\/div>\n<p>Auteur: Meriem IGASS<br \/>\n<a href=\"http:\/\/www.mapmarrakech.ma\/fr\/coup-denvoi-du-20e-forum-pharmaceutique-international\/\">Cliquez ici pour lire l&rsquo;article depuis sa source.<\/a><\/p>\n","protected":false},"excerpt":{"rendered":"<p>Marrakech \u2013 Les travaux de la 20\u00e8 \u00e9dition du Forum Pharmaceutique International (FPI) ont d\u00e9but\u00e9, vendredi \u00e0 Marrakech, avec la participation d\u2019un parterre de responsables, d\u2019experts, de chercheurs, de sp\u00e9cialistes et de professionnels du secteur, venus de 27 pays des quatre coins du monde. Organis\u00e9 sous l\u2019\u00e9gide du minist\u00e8re de la Sant\u00e9 et du Conseil [&hellip;]<\/p>\n","protected":false},"author":1788,"featured_media":0,"comment_status":"closed","ping_status":"closed","sticky":false,"template":"","format":"standard","meta":{"fifu_image_url":"","fifu_image_alt":"","footnotes":""},"categories":[54,76],"tags":[],"class_list":["post-44690","post","type-post","status-publish","format-standard","hentry","category-maroc","category-regions"],"_links":{"self":[{"href":"https:\/\/linitiative.ca\/International\/wp-json\/wp\/v2\/posts\/44690","targetHints":{"allow":["GET"]}}],"collection":[{"href":"https:\/\/linitiative.ca\/International\/wp-json\/wp\/v2\/posts"}],"about":[{"href":"https:\/\/linitiative.ca\/International\/wp-json\/wp\/v2\/types\/post"}],"author":[{"embeddable":true,"href":"https:\/\/linitiative.ca\/International\/wp-json\/wp\/v2\/users\/1788"}],"replies":[{"embeddable":true,"href":"https:\/\/linitiative.ca\/International\/wp-json\/wp\/v2\/comments?post=44690"}],"version-history":[{"count":0,"href":"https:\/\/linitiative.ca\/International\/wp-json\/wp\/v2\/posts\/44690\/revisions"}],"wp:attachment":[{"href":"https:\/\/linitiative.ca\/International\/wp-json\/wp\/v2\/media?parent=44690"}],"wp:term":[{"taxonomy":"category","embeddable":true,"href":"https:\/\/linitiative.ca\/International\/wp-json\/wp\/v2\/categories?post=44690"},{"taxonomy":"post_tag","embeddable":true,"href":"https:\/\/linitiative.ca\/International\/wp-json\/wp\/v2\/tags?post=44690"}],"curies":[{"name":"wp","href":"https:\/\/api.w.org\/{rel}","templated":true}]}}