{"id":44691,"date":"2019-07-05T19:23:49","date_gmt":"2019-07-05T23:23:49","guid":{"rendered":"https:\/\/linitiative.ca\/International\/les-pharmaciens-des-acteurs-majeurs-de-la-chaine-des-soins\/"},"modified":"2019-07-05T19:23:49","modified_gmt":"2019-07-05T23:23:49","slug":"les-pharmaciens-des-acteurs-majeurs-de-la-chaine-des-soins","status":"publish","type":"post","link":"https:\/\/linitiative.ca\/International\/les-pharmaciens-des-acteurs-majeurs-de-la-chaine-des-soins\/","title":{"rendered":"Les pharmaciens, des acteurs majeurs de la cha\u00eene des soins"},"content":{"rendered":"<div readability=\"41\">\n<p>Marrakech \u2013 Les pharmaciens, par leur formation et leurs comp\u00e9tences, sont des acteurs majeurs de la cha\u00eene des soins, a soulign\u00e9, vendredi \u00e0 Marrakech, le ministre de la Sant\u00e9, Anas Doukkali, ajoutant que le r\u00f4le des pharmaciens demeure vital et essentiel dans tout syst\u00e8me de sant\u00e9.<\/p>\n<\/div>\n<div readability=\"169.5\">\n<p>Intervenant \u00e0 l\u2019ouverture des travaux de la 20\u00e8me \u00e9dition du Forum Pharmaceutique International (FPI), M. Doukkali a indiqu\u00e9 que le r\u00f4le des pharmaciens est de garantir la s\u00e9curit\u00e9 des citoyens vis-\u00e0-vis des produits de sant\u00e9, \u00e0 travers la mise en \u0153uvre de la politique pharmaceutique qui consiste \u00e0 veiller \u00e0 ce qu\u2019un produit de sant\u00e9 de qualit\u00e9, efficace et s\u00fbr soit disponible, accessible et qu\u2019il en soit fait un usage rationnel.<\/p>\n<p>Le ministre a aussi pr\u00e9cis\u00e9 que la pharmacie est un espace de sant\u00e9 incomparable et incontournable ainsi qu\u2019un espace de proximit\u00e9 disponible sur tout le territoire national, m\u00eame dans les coins les plus recul\u00e9s, notant que cet espace et ces comp\u00e9tences peuvent \u00eatre encore mieux mis \u00e0 profit, en suivant l\u2019\u00e9volution du m\u00e9tier qui se profile au-del\u00e0 de la dispensation classique, par l\u2019av\u00e8nement de la pharmacie clinique, le d\u00e9veloppement des soins pharmaceutiques et l\u2019\u00e9mergence de l\u2019\u00e9ducation th\u00e9rapeutique.<\/p>\n<p>M. Doukkali a fait remarquer que le m\u00e9tier de pharmacien, longtemps centr\u00e9 sur le m\u00e9dicament, se recentre aujourd\u2019hui sur le patient avec comme objectif ultime de lui prodiguer le traitement le plus s\u00fbr, le plus efficace et au meilleur co\u00fbt, affirmant que le Maroc \u00ab\u00a0ne peut rester en marge de ces \u00e9volutions et nous devrions adopter les recommandations de l\u2019Organisation Mondiale de la Sant\u00e9 (OMS) et de la F\u00e9d\u00e9ration Internationale de la Pharmacie (FIP) dans ce domaine\u00a0\u00bb.<\/p>\n<p>Et de poursuivre qu\u2019il convient \u00e9galement, parall\u00e8lement \u00e0 ces \u00e9volutions scientifiques, de r\u00e9fl\u00e9chir \u00e0 d\u2019autres modes et sources de r\u00e9mun\u00e9ration, en passant de la r\u00e9tribution \u00e0 la marge qui a montr\u00e9 ses limites, \u00e0 la r\u00e9mun\u00e9ration \u00e0 l\u2019acte en reconnaissance des r\u00f4les et des services que rend le pharmacien \u00e0 la communaut\u00e9, de son apport \u00e0 la sant\u00e9 et des \u00e9conomies r\u00e9alis\u00e9es gr\u00e2ce \u00e0 ses interventions.<\/p>\n<p>\u00ab\u00a0En donnant la priorit\u00e9 au domaine de la pharmacie, nous avons entrepris une vaste r\u00e9forme du secteur pour rattraper le retard accumul\u00e9. Nous avons adopt\u00e9 pour cela une approche participative et de concertation avec les organismes et les organisations professionnelles\u00a0\u00bb, a expliqu\u00e9 M. Doukkali, relevant que des commissions mixtes ont \u00e9t\u00e9 cr\u00e9\u00e9es pour d\u00e9battre des probl\u00e8mes et proposer des solutions.<\/p>\n<p>Les recommandations de ces commissions sont en cours de finalisation sous forme de plan d\u2019action, avec des mesures concr\u00e8tes et des \u00e9ch\u00e9anciers pr\u00e9cis, a-t-il dit.<\/p>\n<p>Passant en revue des exemples des r\u00e9sultats obtenus notamment dans les domaines r\u00e9glementaire et l\u00e9gislatif, \u00e9conomique et du respect du circuit et de l\u2019assainissement du march\u00e9, le ministre a expliqu\u00e9 que l\u2019ensemble des actions entreprises ne sont qu\u2019une partie des r\u00e9formes engag\u00e9es dans le secteur de la pharmacie.<\/p>\n<p>\u00ab\u00a0Pour mener \u00e0 bien tout ce chantier, nous devons nous appuyer sur la structure appropri\u00e9e. C\u2019est pour cela que nous avons mis en t\u00eate de nos priorit\u00e9s la cr\u00e9ation de l\u2019Agence Marocaine de S\u00e9curit\u00e9 des M\u00e9dicaments et des Produits de Sant\u00e9\u00a0\u00bb, a-t-il soutenu, pr\u00e9cisant que \u00ab\u00a0ce projet est bien avanc\u00e9 et nous devrions le mettre dans le circuit au mois de septembre prochain\u00a0\u00bb.<\/p>\n<p>Se f\u00e9licitant de l\u2019organisation du 20\u00e8me FPI au Maroc, M. Doukkali a indiqu\u00e9 que cette manifestation \u00ab\u00a0illustre l\u2019engagement du Royaume, conform\u00e9ment aux Hautes Orientations de SM le Roi Mohammed VI, \u00e0 d\u00e9velopper la coop\u00e9ration Sud-Sud, notamment dans le domaine de la sant\u00e9 en g\u00e9n\u00e9ral et de la pharmacie en particulier\u00a0\u00bb.<\/p>\n<p>Le ministre, qui a soulign\u00e9 la pertinence de la th\u00e9matique retenue pour cette \u00e9dition en raison des fonctions importantes et strat\u00e9giques que remplit la profession des pharmaciens, s\u2019est dit convaincu que ce Forum, par la qualit\u00e9 des d\u00e9bats et des intervenants et l\u2019importance des d\u00e9cisions et des recommandations qui seront prises, atteindra son objectif principal: celui de faire de cette rencontre un espace d\u2019\u00e9change, d\u2019enrichissement mutuel, d\u2019harmonisation des pratiques et d\u2019int\u00e9gration, qui viendra consolider l\u2019\u00e9difice continental en cours de construction, notamment la Zone de Libre Echange Continentale, au plus grand b\u00e9n\u00e9fice du citoyen Africain.<\/p>\n<div readability=\"106\">\n<p>De son c\u00f4t\u00e9, le ministre d\u00e9l\u00e9gu\u00e9 charg\u00e9 des Affaires g\u00e9n\u00e9rales et de la Gouvernance, Lahcen Daoudi, a insist\u00e9 sur l\u2019am\u00e9lioration de la situation des pharmaciens et des conditions de vie des citoyens, tout en\u00a0soulignant l\u2019engagement du gouvernement \u00e0 d\u00e9velopper davantage le secteur de la pharmacie au service de la promotion de la sant\u00e9 publique.<\/p>\n<p>S\u2019interrogeant sur le r\u00f4le du pharmacien de demain \u00e0 la lumi\u00e8re de l\u2019acc\u00e9l\u00e9ration du d\u00e9veloppement technologique, il a expliqu\u00e9 que cette profession est appel\u00e9e \u00e0 accompagner et \u00e0 \u00eatre en phase avec les diverses \u00e9volutions technologiques que conna\u00eet le monde actuellement, citant \u00e0 titre d\u2019exemple la perc\u00e9e r\u00e9alis\u00e9e par l\u2019intelligence artificielle dans plusieurs domaines.<\/p>\n<p>Il a conclu en indiquant que les d\u00e9bats, qui seront engag\u00e9s lors des travaux de ce Forum, s\u2019inscrivent dans cette optique de d\u00e9veloppement de la profession du pharmacien et des efforts pour r\u00e9pondre, entre autres, \u00e0 la probl\u00e9matique d\u2019accessibilit\u00e9 des populations aux m\u00e9dicaments et aux soins de sant\u00e9.<\/p>\n<p>Organis\u00e9 sous l\u2019\u00e9gide du minist\u00e8re de la Sant\u00e9 et du Conseil National de l\u2019Ordre des Pharmaciens du Maroc, ce Forum de deux jours, plac\u00e9 sous le th\u00e8me \u00ab\u00a0S\u00e9curit\u00e9 et qualit\u00e9 de l\u2019acte pharmaceutique et de biologie m\u00e9dicale\u00a0\u00bb, se veut un espace de partage des nouvelles exp\u00e9riences avec les universitaires, responsables de laboratoires de contr\u00f4le m\u00e9dical, pharmaciens d\u2019officines, industriels et distributeurs, mais \u00e9galement aupr\u00e8s des biologistes, des pharmaciens d\u2019h\u00f4pitaux, sans oublier les pharmaciens de cliniques.<\/p>\n<p>Ce conclave, qui conna\u00eet la participation d\u2019un parterre de responsables, d\u2019experts, de chercheurs, de sp\u00e9cialistes et de professionnels du secteur, venus de 27 pays des quatre coins du monde, offre l\u2019occasion aux pharmaciens africains, tous secteurs confondus, de prendre part \u00e0 une s\u00e9rie de conf\u00e9rences, d\u2019ateliers et de panels \u00e0 forte valeur ajout\u00e9e pour le secteur de la sant\u00e9. Les diff\u00e9rents axes soumis aux d\u00e9bats abondent tous dans le sens de l\u2019am\u00e9lioration de la s\u00e9curit\u00e9 m\u00e9dicale et pharmaceutique.<\/p>\n<p>Ainsi, cette \u00e9dition 2019 du FPI se focalise, entre autres, sur la qualit\u00e9 des m\u00e9dicaments, la couverture de sant\u00e9 universelle, la falsification des m\u00e9dicaments, la r\u00e9glementation du secteur et les d\u00e9fis de la sant\u00e9 en Afrique, sans oublier les diff\u00e9rents d\u00e9fis de la sant\u00e9 en Afrique, et l\u2019importance de la pr\u00e9vention pour mieux faire face aux maladies, ainsi que le r\u00f4le pr\u00e9pond\u00e9rant du pharmacien dans le syst\u00e8me de sant\u00e9.<\/p>\n<p>L\u2019ordre du jour pr\u00e9voit plusieurs sessions et panels autour de th\u00e8mes tels que : \u00ab\u00a0La sant\u00e9 en Afrique: enjeux et d\u00e9fis pour l\u2019avenir et quelle place pour la pr\u00e9vention?\u00a0\u00bb, \u00ab\u00a0M\u00e9dicaments conseils: \u00e9tat des lieux et int\u00e9r\u00eat pour le syst\u00e8me de sant\u00e9\u00a0\u00bb, \u00ab\u00a0L\u2019intelligence artificielle au service de la sant\u00e9\u00a0\u00bb, \u00ab\u00a0L\u2019\u00e9volution de l\u2019acte pharmaceutique au niveau mondial\u00a0\u00bb, \u00ab\u00a0R\u00e9alit\u00e9s et challenges de l\u2019acte pharmaceutique dans toute la cha\u00eene du m\u00e9dicament en Afrique\u00a0\u00bb, \u00ab\u00a0Harmonisation des textes relatifs aux m\u00e9dicaments et \u00e0 la pharmacie, enjeux et impacts sur le continent africain\u00a0\u00bb et \u00ab\u00a0L\u2019Afrique subsaharienne peut-elle b\u00e2tir sa propre industrie? Circuit de distribution du m\u00e9dicament en Afrique, contrainte et axes d\u2019am\u00e9lioration\u00a0\u00bb.<\/p>\n<p>\u00ab\u00a0Education th\u00e9rapeutique dans les maladies chroniques\u00a0\u00bb, \u00ab\u00a0Lutte contre les m\u00e9dicaments falsifi\u00e9s: r\u00f4le du pharmacien\u00a0\u00bb, \u00ab\u00a0Parmacovigilance, cosm\u00e9tovigilance, nutrivigilance et mat\u00e9riovigilance: importance pour le pharmacien\u00a0\u00bb \u00ab\u00a0Relation avec le patient : comment renforcer l\u2019observance ?\u00a0\u00bb, \u00ab\u00a0La qualit\u00e9 et la s\u00e9curit\u00e9 de l\u2019acte pharmaceutique \u00e0 l\u2019h\u00f4pital\u00a0\u00bb, \u00ab\u00a0Pharmacop\u00e9es traditionnelles : les opportunit\u00e9s pour l\u2019Afrique en recherche et d\u00e9veloppement\u00a0\u00bb, sont autant de th\u00e8mes qui seront \u00e9galement abord\u00e9s.<\/p>\n<p>Les travaux et d\u00e9bats engag\u00e9s lors de cette 20\u00e8 \u00e9dition du FPI, qui r\u00e9unit environ 3.000 participants, dont 600 pharmaciens africains et 80 exposants, aux c\u00f4t\u00e9s d\u2019autres repr\u00e9sentations, devraient \u00eatre sanctionn\u00e9s par des recommandations pour permettre de d\u00e9velopper l\u2019acc\u00e8s aux m\u00e9dicaments et plus pr\u00e9cis\u00e9ment en Afrique, un Continent qui souffre de nombreuses d\u00e9faillances et fait face \u00e0 de nombreux d\u00e9fis.<\/p>\n<\/div>\n<\/div>\n<p>Auteur: Meriem IGASS<br \/>\n<a href=\"http:\/\/www.mapmarrakech.ma\/fr\/les-pharmaciens-des-acteurs-majeurs-de-la-chaine-des-soins\/\">Cliquez ici pour lire l&rsquo;article depuis sa source.<\/a><\/p>\n","protected":false},"excerpt":{"rendered":"<p>Marrakech \u2013 Les pharmaciens, par leur formation et leurs comp\u00e9tences, sont des acteurs majeurs de la cha\u00eene des soins, a soulign\u00e9, vendredi \u00e0 Marrakech, le ministre de la Sant\u00e9, Anas Doukkali, ajoutant que le r\u00f4le des pharmaciens demeure vital et essentiel dans tout syst\u00e8me de sant\u00e9. Intervenant \u00e0 l\u2019ouverture des travaux de la 20\u00e8me \u00e9dition [&hellip;]<\/p>\n","protected":false},"author":1788,"featured_media":0,"comment_status":"closed","ping_status":"closed","sticky":false,"template":"","format":"standard","meta":{"fifu_image_url":"","fifu_image_alt":"","footnotes":""},"categories":[54,76],"tags":[],"class_list":["post-44691","post","type-post","status-publish","format-standard","hentry","category-maroc","category-regions"],"_links":{"self":[{"href":"https:\/\/linitiative.ca\/International\/wp-json\/wp\/v2\/posts\/44691","targetHints":{"allow":["GET"]}}],"collection":[{"href":"https:\/\/linitiative.ca\/International\/wp-json\/wp\/v2\/posts"}],"about":[{"href":"https:\/\/linitiative.ca\/International\/wp-json\/wp\/v2\/types\/post"}],"author":[{"embeddable":true,"href":"https:\/\/linitiative.ca\/International\/wp-json\/wp\/v2\/users\/1788"}],"replies":[{"embeddable":true,"href":"https:\/\/linitiative.ca\/International\/wp-json\/wp\/v2\/comments?post=44691"}],"version-history":[{"count":0,"href":"https:\/\/linitiative.ca\/International\/wp-json\/wp\/v2\/posts\/44691\/revisions"}],"wp:attachment":[{"href":"https:\/\/linitiative.ca\/International\/wp-json\/wp\/v2\/media?parent=44691"}],"wp:term":[{"taxonomy":"category","embeddable":true,"href":"https:\/\/linitiative.ca\/International\/wp-json\/wp\/v2\/categories?post=44691"},{"taxonomy":"post_tag","embeddable":true,"href":"https:\/\/linitiative.ca\/International\/wp-json\/wp\/v2\/tags?post=44691"}],"curies":[{"name":"wp","href":"https:\/\/api.w.org\/{rel}","templated":true}]}}