{"id":44692,"date":"2019-07-05T20:12:18","date_gmt":"2019-07-06T00:12:18","guid":{"rendered":"https:\/\/linitiative.ca\/International\/role-preponderant-des-pharmaciens-dans-la-sante-publique\/"},"modified":"2019-07-05T20:12:18","modified_gmt":"2019-07-06T00:12:18","slug":"role-preponderant-des-pharmaciens-dans-la-sante-publique","status":"publish","type":"post","link":"https:\/\/linitiative.ca\/International\/role-preponderant-des-pharmaciens-dans-la-sante-publique\/","title":{"rendered":"R\u00f4le pr\u00e9pond\u00e9rant des pharmaciens dans la sant\u00e9 publique"},"content":{"rendered":"<div readability=\"37\">\n<p>Marrakech \u2013 Le Chef du gouvernement, Saad Dine El Otmani a mis en relief, vendredi \u00e0 Marrakech, le r\u00f4le pr\u00e9pond\u00e9rant des pharmaciens au service de la sant\u00e9 publique et du rapprochement des m\u00e9dicaments de la population ainsi que dans la sensibilisation sur leur mauvais usage.<\/p>\n<\/div>\n<div readability=\"124\">\n<p>Intervenant \u00e0 l\u2019ouverture de la 20\u00e8 \u00e9dition du Forum Pharmaceutique International (FPI), M. El Otmani s\u2019est dit conscient des d\u00e9fis et des enjeux de ce secteur, tout en exprimant sa pleine disposition \u00e0 renforcer le dialogue avec les responsables du Conseil national de l\u2019Ordre des pharmaciens.<\/p>\n<p>Mettant en exergue plusieurs r\u00e9alisations dans le secteur pharmaceutique, le\u00a0chef du gouvernement a indiqu\u00e9 que le Maroc accorde une grande importance au d\u00e9veloppement du secteur des industries pharmaceutiques, notant que le Royaume est consid\u00e9r\u00e9 parmi les pays pionniers en mati\u00e8re de production et de qualit\u00e9 au niveau du Continent africain et de la r\u00e9gion arabe, sachant que la premi\u00e8re unit\u00e9 de production des m\u00e9dicaments a \u00e9t\u00e9 inaugur\u00e9e en 1920.<\/p>\n<p>M.El Otmani a pr\u00e9cis\u00e9 que l\u2019industrie pharmaceutique assure 60% des besoins en m\u00e9dicaments au niveau national, alors qu\u2019une partie de la production est destin\u00e9e \u00e0 l\u2019export, faisant observer que le Royaume offre de grandes facilitations et incitations aux investisseurs locaux et \u00e9trangers dans ce secteur en g\u00e9n\u00e9ral.<\/p>\n<p>Le Chef du gouvernement a soulign\u00e9 qu\u2019il attend avec un grand int\u00e9r\u00eat les recommandations qui sanctionneront les travaux de cette 20\u00e8 \u00e9dition du FPI, exprimant le soutien de l\u2019Ex\u00e9cutif pour toute action susceptible de contribuer au d\u00e9veloppement du secteur pharmaceutique au service de la profession, et d\u2019assurer des services de qualit\u00e9 aux citoyens.<\/p>\n<p>Par ailleurs, M. El Otmani a mis en relief le d\u00e9veloppement et les r\u00e9alisations accomplies par le Maroc dans plusieurs domaines, dont l\u2019industrie et l\u2019\u00e9conomie ayant permis de favoriser un climat attractif des investissements \u00e9trangers et la r\u00e9alisation de progr\u00e8s notables dans plusieurs indicateurs, dont ceux du climat des affaires et de la perception de la corruption, ce qui place le Royaume sur la bonne voie pour atteindre son objectif: celui de faire partie du club des pays \u00e9mergents.<\/p>\n<p>Il a tenu \u00e0 rappeler l\u2019importance accord\u00e9e par le Maroc pour le renforcement de ses liens avec le Continent africain et la consolidation des relations de coop\u00e9ration Sud-Sud conform\u00e9ment \u00e0 la vision Royale, affirmant que le Royaume est fier de son appartenance africaine et de ses relations avec l\u2019Afrique.<\/p>\n<p>Le Maroc ne m\u00e9nagera aucun effort pour le d\u00e9veloppement du Continent, a-t-il relev\u00e9, se disant convaincu que l\u2019Afrique a tous les atouts pour devenir la nouvelle puissance \u00e9conomique.<\/p>\n<p>Organis\u00e9 sous l\u2019\u00e9gide du minist\u00e8re de la Sant\u00e9 et du Conseil national de l\u2019Ordre des Pharmaciens du Maroc, ce Forum, plac\u00e9 sous le th\u00e8me \u00ab\u00a0S\u00e9curit\u00e9 et qualit\u00e9 de l\u2019acte pharmaceutique et de biologie m\u00e9dicale\u00a0\u00bb, se veut un espace de partage des nouvelles exp\u00e9riences avec les universitaires, responsables de laboratoires de contr\u00f4le m\u00e9dical, pharmaciens d\u2019officines, industriels et distributeurs, mais \u00e9galement aupr\u00e8s des biologistes, des pharmaciens d\u2019h\u00f4pitaux, sans oublier les pharmaciens de cliniques.<\/p>\n<p>Ce conclave de deux jours offre l\u2019occasion aux pharmaciens africains, tous secteurs confondus, de prendre part \u00e0 une s\u00e9rie de conf\u00e9rences, d\u2019ateliers et de panels \u00e0 forte valeur ajout\u00e9e pour le secteur de la sant\u00e9. Les diff\u00e9rents axes soumis aux d\u00e9bats abondent tous dans le sens de l\u2019am\u00e9lioration de la s\u00e9curit\u00e9 m\u00e9dicale et pharmaceutique.<\/p>\n<p>Ainsi, cette \u00e9dition 2019 du FPI se focalise sur la qualit\u00e9 des m\u00e9dicaments, la couverture de sant\u00e9 universelle, la falsification des m\u00e9dicaments, la r\u00e9glementation du secteur et les d\u00e9fis de la sant\u00e9 en Afrique lors d\u2019ateliers th\u00e9matiques ax\u00e9s sur l\u2019\u00e9change d\u2019expertises, le renforcement et le d\u00e9veloppement des comp\u00e9tences dans les secteurs de la sant\u00e9 et pharmaceutique au niveau r\u00e9glementaire, sans oublier les diff\u00e9rents d\u00e9fis de la sant\u00e9 en Afrique, et l\u2019importance de la pr\u00e9vention pour mieux faire face aux maladies, ainsi que le r\u00f4le pr\u00e9pond\u00e9rant du pharmacien dans le syst\u00e8me de sant\u00e9.<\/p>\n<p>Les travaux et d\u00e9bats engag\u00e9s lors de cette 20\u00e8 \u00e9dition du FPI, qui r\u00e9unit environ 3.000 participants, dont 600 pharmaciens africains et 80 exposants, aux c\u00f4t\u00e9s d\u2019autres repr\u00e9sentations, devraient \u00eatre sanctionn\u00e9s par des recommandations pour permettre de d\u00e9velopper l\u2019acc\u00e8s aux m\u00e9dicaments et plus pr\u00e9cis\u00e9ment en Afrique, un Continent qui souffre de nombreuses d\u00e9faillances et fait face \u00e0 de multiples d\u00e9fis.<\/p>\n<\/div>\n<p>Auteur: Meriem IGASS<br \/>\n<a href=\"http:\/\/www.mapmarrakech.ma\/fr\/role-preponderant-des-pharmaciens-dans-la-sante-publique\/\">Cliquez ici pour lire l&rsquo;article depuis sa source.<\/a><\/p>\n","protected":false},"excerpt":{"rendered":"<p>Marrakech \u2013 Le Chef du gouvernement, Saad Dine El Otmani a mis en relief, vendredi \u00e0 Marrakech, le r\u00f4le pr\u00e9pond\u00e9rant des pharmaciens au service de la sant\u00e9 publique et du rapprochement des m\u00e9dicaments de la population ainsi que dans la sensibilisation sur leur mauvais usage. Intervenant \u00e0 l\u2019ouverture de la 20\u00e8 \u00e9dition du Forum Pharmaceutique [&hellip;]<\/p>\n","protected":false},"author":1788,"featured_media":0,"comment_status":"closed","ping_status":"closed","sticky":false,"template":"","format":"standard","meta":{"fifu_image_url":"","fifu_image_alt":"","footnotes":""},"categories":[54,76],"tags":[],"class_list":["post-44692","post","type-post","status-publish","format-standard","hentry","category-maroc","category-regions"],"_links":{"self":[{"href":"https:\/\/linitiative.ca\/International\/wp-json\/wp\/v2\/posts\/44692","targetHints":{"allow":["GET"]}}],"collection":[{"href":"https:\/\/linitiative.ca\/International\/wp-json\/wp\/v2\/posts"}],"about":[{"href":"https:\/\/linitiative.ca\/International\/wp-json\/wp\/v2\/types\/post"}],"author":[{"embeddable":true,"href":"https:\/\/linitiative.ca\/International\/wp-json\/wp\/v2\/users\/1788"}],"replies":[{"embeddable":true,"href":"https:\/\/linitiative.ca\/International\/wp-json\/wp\/v2\/comments?post=44692"}],"version-history":[{"count":0,"href":"https:\/\/linitiative.ca\/International\/wp-json\/wp\/v2\/posts\/44692\/revisions"}],"wp:attachment":[{"href":"https:\/\/linitiative.ca\/International\/wp-json\/wp\/v2\/media?parent=44692"}],"wp:term":[{"taxonomy":"category","embeddable":true,"href":"https:\/\/linitiative.ca\/International\/wp-json\/wp\/v2\/categories?post=44692"},{"taxonomy":"post_tag","embeddable":true,"href":"https:\/\/linitiative.ca\/International\/wp-json\/wp\/v2\/tags?post=44692"}],"curies":[{"name":"wp","href":"https:\/\/api.w.org\/{rel}","templated":true}]}}