{"id":44703,"date":"2019-07-06T09:12:12","date_gmt":"2019-07-06T13:12:12","guid":{"rendered":"https:\/\/linitiative.ca\/International\/laref-de-loriental-fete-ses-meilleurs-eleves\/"},"modified":"2019-07-06T09:12:12","modified_gmt":"2019-07-06T13:12:12","slug":"laref-de-loriental-fete-ses-meilleurs-eleves","status":"publish","type":"post","link":"https:\/\/linitiative.ca\/International\/laref-de-loriental-fete-ses-meilleurs-eleves\/","title":{"rendered":"L\u2019AREF de l\u2019Oriental f\u00eate ses meilleurs \u00e9l\u00e8ves"},"content":{"rendered":"<div readability=\"36\">\n<p>L\u2019Acad\u00e9mie R\u00e9gionale de l\u2019Education et de la Formation (AREF) de l\u2019Oriental a organis\u00e9, vendredi \u00e0 Oujda, une c\u00e9r\u00e9monie en hommage aux \u00e9l\u00e8ves les plus m\u00e9ritants dans les diff\u00e9rents cycles de l\u2019enseignement au titre de l\u2019ann\u00e9e 2018-2019.<\/p>\n<\/div>\n<div readability=\"76\">\n<p>Le Directeur de l\u2019AREF de l\u2019Oriental, Mohamed Dib, a soulign\u00e9 que cette initiative a pour objectif de r\u00e9compenser et d\u2019encourager les brillants \u00e9l\u00e8ves pour les excellents r\u00e9sultats obtenus qu\u2019ils sont parvenus \u00e0 d\u00e9crocher au prix d\u2019efforts m\u00e9ritoires, et d\u2019am\u00e9liorer davantage le rendement du syst\u00e8me \u00e9ducatif et de formation.<\/p>\n<p>Apr\u00e8s avoir donn\u00e9 un aper\u00e7u sur les bons r\u00e9sultats r\u00e9alis\u00e9s au niveau de l\u2019Acad\u00e9mie dans les cycles primaire, coll\u00e9gial et secondaire qualifiant, M. Dib a salu\u00e9 l\u2019engagement actif et la participation agissante des diff\u00e9rents intervenants dans le syst\u00e8me \u00e9ducatif au niveau de la r\u00e9gion.<\/p>\n<p>Il a rappel\u00e9 \u00e0 cet \u00e9gard que le nombre de candidats au baccalaur\u00e9at ayant r\u00e9ussi leurs examens au titre de la session de juin dernier a atteint 15.076, dont 14.046 \u00e9l\u00e8ves scolaris\u00e9s et 1.030 candidats libres, notant que le taux de r\u00e9ussite \u00e9tait de 72,3% des candidats scolaris\u00e9s, soit une progression de 8,29 points par rapport \u00e0 la session de juin 2018.<\/p>\n<p>Il a \u00e9galement rappel\u00e9 que 7.399 personnes ont obtenu une mention, soit 49,07 des laur\u00e9ats.<\/p>\n<p>A noter que la note la plus \u00e9lev\u00e9e obtenue dans la r\u00e9gion de l\u2019Oriental au cours de cette session a \u00e9t\u00e9 de 19,17 r\u00e9alis\u00e9e par l\u2019\u00e9l\u00e8ve Oumaima Stouri, de la direction provinciale de Nador (section sciences physiques).<\/p>\n<p>La c\u00e9r\u00e9monie, qui s\u2019est d\u00e9roul\u00e9e en pr\u00e9sence du wali de la r\u00e9gion de l\u2019Oriental et gouverneur de la pr\u00e9fecture d\u2019Oujda-Angad, Mouad El Jamai, du pr\u00e9sident du Conseil local des Oul\u00e9mas, Mustapha Ben Hamza, d\u2019\u00e9lus et de chefs de services ext\u00e9rieurs et d\u2019autres personnalit\u00e9s, a \u00e9t\u00e9 marqu\u00e9e par la remise de prix et attestations aux \u00e9l\u00e8ves qui se sont distingu\u00e9s lors des examens de fin d\u2019ann\u00e9e.<\/p>\n<\/div>\n<p>Auteur: Soufiane ELAHMAR<br \/>\n<a href=\"http:\/\/www.mapoujda.ma\/fr\/laref-de-loriental-fete-ses-meilleurs-eleves\/\">Cliquez ici pour lire l&rsquo;article depuis sa source.<\/a><\/p>\n","protected":false},"excerpt":{"rendered":"<p>L\u2019Acad\u00e9mie R\u00e9gionale de l\u2019Education et de la Formation (AREF) de l\u2019Oriental a organis\u00e9, vendredi \u00e0 Oujda, une c\u00e9r\u00e9monie en hommage aux \u00e9l\u00e8ves les plus m\u00e9ritants dans les diff\u00e9rents cycles de l\u2019enseignement au titre de l\u2019ann\u00e9e 2018-2019. Le Directeur de l\u2019AREF de l\u2019Oriental, Mohamed Dib, a soulign\u00e9 que cette initiative a pour objectif de r\u00e9compenser et [&hellip;]<\/p>\n","protected":false},"author":1788,"featured_media":0,"comment_status":"closed","ping_status":"closed","sticky":false,"template":"","format":"standard","meta":{"fifu_image_url":"","fifu_image_alt":"","footnotes":""},"categories":[54,76],"tags":[],"class_list":["post-44703","post","type-post","status-publish","format-standard","hentry","category-maroc","category-regions"],"_links":{"self":[{"href":"https:\/\/linitiative.ca\/International\/wp-json\/wp\/v2\/posts\/44703","targetHints":{"allow":["GET"]}}],"collection":[{"href":"https:\/\/linitiative.ca\/International\/wp-json\/wp\/v2\/posts"}],"about":[{"href":"https:\/\/linitiative.ca\/International\/wp-json\/wp\/v2\/types\/post"}],"author":[{"embeddable":true,"href":"https:\/\/linitiative.ca\/International\/wp-json\/wp\/v2\/users\/1788"}],"replies":[{"embeddable":true,"href":"https:\/\/linitiative.ca\/International\/wp-json\/wp\/v2\/comments?post=44703"}],"version-history":[{"count":0,"href":"https:\/\/linitiative.ca\/International\/wp-json\/wp\/v2\/posts\/44703\/revisions"}],"wp:attachment":[{"href":"https:\/\/linitiative.ca\/International\/wp-json\/wp\/v2\/media?parent=44703"}],"wp:term":[{"taxonomy":"category","embeddable":true,"href":"https:\/\/linitiative.ca\/International\/wp-json\/wp\/v2\/categories?post=44703"},{"taxonomy":"post_tag","embeddable":true,"href":"https:\/\/linitiative.ca\/International\/wp-json\/wp\/v2\/tags?post=44703"}],"curies":[{"name":"wp","href":"https:\/\/api.w.org\/{rel}","templated":true}]}}