{"id":44704,"date":"2019-07-06T09:45:37","date_gmt":"2019-07-06T13:45:37","guid":{"rendered":"https:\/\/linitiative.ca\/International\/immigration-illegale-arrestation-dun-pere-et-son-fils\/"},"modified":"2019-07-06T09:45:37","modified_gmt":"2019-07-06T13:45:37","slug":"immigration-illegale-arrestation-dun-pere-et-son-fils","status":"publish","type":"post","link":"https:\/\/linitiative.ca\/International\/immigration-illegale-arrestation-dun-pere-et-son-fils\/","title":{"rendered":"Immigration ill\u00e9gale: Arrestation d\u2019un p\u00e8re et son fils"},"content":{"rendered":"<div class=\"single-featured\"><img alt=\"\" data-src=\"http:\/\/www.mapoujda.ma\/map\/uploads\/2019\/07\/Deux-individus-arr\u00eat\u00e9s-M750\u00d7430.jpg\"\/><\/div>\n<div class=\"single-post-excerpt post-excerpt-bc\" readability=\"39\">\n<p>Une op\u00e9ration s\u00e9curitaire conjointe men\u00e9e samedi par les brigades de la police judiciaire de Nador et Berkane, sur la base d\u2019informations pr\u00e9cises fournies par les services de la Direction g\u00e9n\u00e9rale de la surveillance du territoire, a permis l\u2019arrestation d\u2019un p\u00e8re et son fils, \u00e2g\u00e9s respectivement de 47 et 25 ans, pour leur relation pr\u00e9sum\u00e9e avec un r\u00e9seau criminel s\u2019activant dans l\u2019organisation de l\u2019immigration ill\u00e9gale.<\/p>\n<\/div>\n<div class=\"entry-content clearfix single-post-content\" readability=\"52\">\n<p>Les recherches pr\u00e9liminaires men\u00e9es dans le cadre de cette affaire ont men\u00e9 \u00e0 l\u2019interpellation des deux pr\u00e9venus dans la commune rurale de Selouane, pr\u00e8s de Nador, en compagnie de 12 candidats \u00e0 l\u2019immigration clandestine, originaires de pays d\u2019Afrique subsaharienne, dont 3 hommes et neuf femmes, indique un communiqu\u00e9 de la Direction g\u00e9n\u00e9rale de la s\u00fbret\u00e9 nationale (DGSN), alors qu\u2019une autre op\u00e9ration similaire men\u00e9e dans la ville de Berkane a permis l\u2019interpellation de 15 candidats \u00e0 l\u2019immigration clandestine au niveau du quartier Zelaka.<\/p>\n<p>Les deux pr\u00e9venus ont \u00e9t\u00e9 plac\u00e9s en garde \u00e0 vue \u00e0 la disposition de l\u2019enqu\u00eate men\u00e9e sous la supervision du parquet comp\u00e9tent, ajoute la m\u00eame source, faisant savoir que les candidats \u00e0 l\u2019immigration ill\u00e9gale ont \u00e9t\u00e9 entendus pour d\u00e9terminer les tenants et aboutissants de cette affaire et identifier d\u2019autres personnes en lien \u00e9ventuel avec ce r\u00e9seau criminel.<\/p>\n<p>Cette op\u00e9ration s\u2019inscrit dans le cadre des efforts soutenus d\u00e9ploy\u00e9s par les services de s\u00e9curit\u00e9 pour lutter contre les r\u00e9seaux criminels s\u2019activant dans l\u2019organisation de l\u2019immigration ill\u00e9gale et le trafic d\u2019\u00eatres humains.<\/p>\n<\/div>\n<p>Auteur: Soufiane ELAHMAR<br \/>\n<a href=\"http:\/\/www.mapoujda.ma\/fr\/immigration-illegale-arrestation-dun-pere-et-son-fils\/\">Cliquez ici pour lire l&rsquo;article depuis sa source.<\/a><\/p>\n","protected":false},"excerpt":{"rendered":"<p>Une op\u00e9ration s\u00e9curitaire conjointe men\u00e9e samedi par les brigades de la police judiciaire de Nador et Berkane, sur la base d\u2019informations pr\u00e9cises fournies par les services de la Direction g\u00e9n\u00e9rale de la surveillance du territoire, a permis l\u2019arrestation d\u2019un p\u00e8re et son fils, \u00e2g\u00e9s respectivement de 47 et 25 ans, pour leur relation pr\u00e9sum\u00e9e avec [&hellip;]<\/p>\n","protected":false},"author":1788,"featured_media":44705,"comment_status":"closed","ping_status":"closed","sticky":false,"template":"","format":"standard","meta":{"fifu_image_url":"","fifu_image_alt":"","footnotes":""},"categories":[54,76],"tags":[],"class_list":["post-44704","post","type-post","status-publish","format-standard","has-post-thumbnail","hentry","category-maroc","category-regions"],"_links":{"self":[{"href":"https:\/\/linitiative.ca\/International\/wp-json\/wp\/v2\/posts\/44704","targetHints":{"allow":["GET"]}}],"collection":[{"href":"https:\/\/linitiative.ca\/International\/wp-json\/wp\/v2\/posts"}],"about":[{"href":"https:\/\/linitiative.ca\/International\/wp-json\/wp\/v2\/types\/post"}],"author":[{"embeddable":true,"href":"https:\/\/linitiative.ca\/International\/wp-json\/wp\/v2\/users\/1788"}],"replies":[{"embeddable":true,"href":"https:\/\/linitiative.ca\/International\/wp-json\/wp\/v2\/comments?post=44704"}],"version-history":[{"count":0,"href":"https:\/\/linitiative.ca\/International\/wp-json\/wp\/v2\/posts\/44704\/revisions"}],"wp:featuredmedia":[{"embeddable":true,"href":"https:\/\/linitiative.ca\/International\/wp-json\/"}],"wp:attachment":[{"href":"https:\/\/linitiative.ca\/International\/wp-json\/wp\/v2\/media?parent=44704"}],"wp:term":[{"taxonomy":"category","embeddable":true,"href":"https:\/\/linitiative.ca\/International\/wp-json\/wp\/v2\/categories?post=44704"},{"taxonomy":"post_tag","embeddable":true,"href":"https:\/\/linitiative.ca\/International\/wp-json\/wp\/v2\/tags?post=44704"}],"curies":[{"name":"wp","href":"https:\/\/api.w.org\/{rel}","templated":true}]}}