{"id":44708,"date":"2019-07-06T15:14:04","date_gmt":"2019-07-06T19:14:04","guid":{"rendered":"https:\/\/linitiative.ca\/International\/ligue-1-2-ess-sidhoum-on-doit-donner-la-priorite-a-lequipe-pour-quelle-puisse-reussir-sa-preparation\/"},"modified":"2019-07-06T15:14:04","modified_gmt":"2019-07-06T19:14:04","slug":"ligue-1-2-ess-sidhoum-on-doit-donner-la-priorite-a-lequipe-pour-quelle-puisse-reussir-sa-preparation","status":"publish","type":"post","link":"https:\/\/linitiative.ca\/International\/ligue-1-2-ess-sidhoum-on-doit-donner-la-priorite-a-lequipe-pour-quelle-puisse-reussir-sa-preparation\/","title":{"rendered":"Ligue 1 &amp; 2 : ESS &#8211; Sidhoum: \u00abOn doit donner la priorit\u00e9 \u00e0 l\u2019\u00e9quipe pour qu\u2019elle puisse r\u00e9ussir sa pr\u00e9paration\u00bb"},"content":{"rendered":"<div readability=\"32\">\n<p>Auteur : <span class=\"time\">samedi 06 juillet 2019 10:27<\/span><\/p>\n<\/div>\n<div id=\"post_core\" readability=\"98\">\n<p>Ly\u00e8s Sidhoum, qui lui reste encore six mois de contrat avec l\u2019Entente, dit qu\u2019il est pr\u00eat pour la reprise en esp\u00e9rant que les choses s\u2019arrangent.<br \/><strong>Quelles sont vos nouvelles ?<\/strong><br \/>Je vais tr\u00e8s bien surtout apr\u00e8s avoir pass\u00e9 de bonnes vacances aupr\u00e8s de la famille et des amis. Nous avions besoin de ce repos apr\u00e8s tout ce que nous avons v\u00e9cu et aujourd\u2019hui on se sent pr\u00eats \u00e0 reprendre.<br \/><strong>Mais la situation est tr\u00e8s diff\u00e9rente de celle de la saison pass\u00e9e et le club vit une crise sans pr\u00e9c\u00e9dent. Un commentaire ?<\/strong><br \/>Je vois que le club vit effectivement une p\u00e9riode tr\u00e8s difficile, la situation n\u2019est pas rassurante et rien n\u2019est\u00a0 clair. Personnellement, je ne comprends pas trop ce qui se passe et c\u2019est malheureux. J\u2019esp\u00e8re qu\u2019on r\u00e9ussira \u00e0 mettre l\u2019int\u00e9r\u00eat de l\u2019\u00e9quipe au-dessus de toute autre consid\u00e9ration, car il s\u2019agit d\u2019une phase tr\u00e8s sensible et tr\u00e8s importante. Je pense que le plus urgent et la priorit\u00e9 est de mettre l\u2019\u00e9quipe et les joueurs dans de bonnes condition afin d\u2019assurer une bonne pr\u00e9paration. Le reste viendra doucement.<br \/><strong>Vous avez re\u00e7u des instructions pour reprendre l\u2019entrainement ce samedi, non ?<\/strong><br \/>C\u2019est cela, mais comme je viens de vous le dire, on ne comprend pas ce qui se passe r\u00e9ellement. On doit le savoir une fois sur place, nous avons tout de m\u00eame besoin d\u2019explications. En tant que joueurs sous contrat, on se doit de r\u00e9pondre pr\u00e9sent, mais nous avons droit \u00e0 des explications. Et l\u2019\u00e9quipe doit \u00eatre mise dans les meilleures conditions possibles pour r\u00e9ussir sa pr\u00e9paration. On verra bien ce samedi.<br \/><strong>Quelles sont selon vous les solutions \u00e0 cette crise ?<\/strong><br \/>C\u2019est tr\u00e8s compliqu\u00e9, il faut beaucoup de choses, remettre de l\u2019ordre dans l\u2019\u00e9quipe, au niveau du staff technique\u00a0 ainsi qu\u2019au niveau de l\u2019administration, je pense qu\u2019il y a beaucoup \u00e0 faire. Mais le plus important \u00e0 mon avis, c\u2019est d\u2019\u00e9claircir la situation. Quand on voit plus clair, on peut agir. Mais l\u00e0, ce n\u2019est pas encore le cas. Je viens de vous le dire, la priorit\u00e9 c\u2019est d\u2019assurer une bonne pr\u00e9paration \u00e0 l\u2019\u00e9quipe.<br \/>\u00a0<\/p>\n<p><strong>Reprise aujourd\u2019hui \u00e0 18h<\/strong><br \/>Alors que la situation reste la m\u00eame depuis la tenue de l\u2019assembl\u00e9e g\u00e9n\u00e9rale extraordinaire et la d\u00e9mission de Hassan Hammar, les dirigeants actuels font tout ce qui est en leur possible pour donner le coup d\u2019envoi \u00e0 la nouvelle saison. M\u00eame s\u2019il y a beaucoup de probl\u00e8mes \u00e0 r\u00e9gler, le plus urgent, c\u2019est de reprendre l\u2019entrainement en attendant de passer \u00e0 autre chose. Ainsi, apr\u00e8s avoir contact\u00e9 tous les joueurs concern\u00e9s, la reprise des entrainements est pr\u00e9vue aujourd\u2019hui en fin de journ\u00e9e, \u00e0 partir de 18h. Larbaoui et Far\u00e8s Fellahi ont r\u00e9ussi en effet, depuis la semaine pass\u00e9e, \u00e0 contacter tous les joueurs qui sont toujours sous contrat, y compris les \u00e9l\u00e9ments de l\u2019\u00e9quipe r\u00e9serve qui doivent int\u00e9grer l\u2019\u00e9quipe premi\u00e8re, sans oublier ceux qui ont \u00e9t\u00e9 pr\u00eat\u00e9s \u00e0 d\u2019autres clubs et qui seront de retour, \u00e0 l\u2019image de Sa\u00efdi et Berbache. Il est \u00e0 rappeler que la liste des joueurs convoqu\u00e9s contient 22 noms.<br \/><strong>La plupart des joueurs ont confirm\u00e9\u00a0 leur pr\u00e9sence<\/strong><br \/>Ce qu\u2019on craint toutefois, c\u2019est qu\u2019il y ait beaucoup d\u2019absence. Si on avait l\u2019habitude de constater beaucoup d\u2019absences \u00e0 la reprise dans des conditions plus calmes et plus normales, que dire alors des conditions d\u2019aujourd\u2019hui ? En effet, cette premi\u00e8re s\u00e9ance de la saison\u00a0 est tr\u00e8s attendue par les supporters et les observateurs, car elle devra donner une id\u00e9e sur l\u2019\u00e9tat d\u2019esprit actuel des joueurs qui n\u2019ont pas cach\u00e9 leur inqui\u00e9tude par rapport \u00e0 l\u2019\u00e9tat des lieux et certains d\u2019entre eux auraient m\u00eame mis le club en demeure pour pr\u00e9parer leur d\u00e9part. Beaucoup de choses ont \u00e9t\u00e9 dites \u00e0 ce sujet et on en saura un peu plus aujourd\u2019hui \u00e0 l\u2019occasion de cette reprise. Mais d\u2019apr\u00e8s ce que nous avons pu savoir, il semble que tous les joueurs, ou du moins une grande majorit\u00e9 d\u2019entre eux, aient donn\u00e9 une suite favorable \u00e0 l\u2019appel des dirigeants en leur faisant savoir qu\u2019ils seront pr\u00e9sents cet apr\u00e8s-midi au 8-Mai-45.<br \/><strong>Fellahi, Belkhir et Abbasen assurent\u00a0 entrainements<\/strong><br \/>Comme on le sait, l\u2019Entente est encore sans entraineur. Et jusqu\u2019\u00e0 pr\u00e9sent, aucun entraineur n\u2019est en vue. Mais ce n\u2019est pas la priorit\u00e9 du moment. Car pour l\u2019instant, comme indiqu\u00e9 plus haut, l\u2019urgence est de reprendre l\u2019entrainement pour ne pas accuser du retard dans la pr\u00e9paration en soulignant qu\u2019on est encore dans les temps. De plus, il y a un staff en place qui est en mesure de d\u00e9buter le travail. La direction actuelle a rappel\u00e9 en effet, Badreddine Fellahi qui \u00e9tait l\u2019adjoint de Neghiz, le pr\u00e9parateur physique Far\u00e8s Belkhir et l\u2019entraineur des gardiens Abbassen, tous les trois encore sous contrat avec l\u2019ESS. Un staff complet et comp\u00e9tent qui peut ais\u00e9ment entamer la pr\u00e9paration en attendant la nomination d\u2019un nouvel entraineur. Donc, de ce c\u00f4t\u00e9, aucun probl\u00e8me ne se pose.<br \/><strong>R\u00e9union joueurs-directoire avant le d\u00e9but de la s\u00e9ance<\/strong><br \/>Et l\u2019on s\u2019attend \u00e9videmment \u00e0 ce que les dirigeants actuels, notamment les membres du directoire, soient pr\u00e9sents \u00e0 la reprise. C\u2019est m\u00eame obligatoire. Car certains joueurs auraient exig\u00e9 leur pr\u00e9sence pour leur expliquer ce qui se passe. Selon nos informations, Larbaoui et Fellahi, qui se sont charg\u00e9s d\u2019appeler les joueurs seront pr\u00e9sents \u00e0 cette premi\u00e8re s\u00e9ance, ainsi que le pr\u00e9sident du directoire El Aid Belkhir. En effet, une r\u00e9union avec les joueurs est pr\u00e9vue avant le d\u00e9but de l\u2019entrainement o\u00f9 les dirigeants actuels vont expliquer la situation en essayant d\u2019\u00eatre le plus convaincants possible. La t\u00e2che principale du directoire c\u2019est de les rassurer. Si Khaber, Larbaoui et Fellahi ratent cette occasion, il y a risque pour que les joueurs changent d\u2019avis.<br \/>\u00a0<\/p>\n<p><strong>Publi\u00e9 dans :<\/strong> <span>ess<\/span> <span>midi au 8-Mai-45. Fellahi<\/span> <span>Belkhir et Abbasen<\/span><\/p>\n<\/div>\n<p>Auteur:<br \/>\n<a href=\"http:\/\/www.lebuteur.com\/article\/detail?titre=ess-sidhoum-on-doit-donner-la-priorite-a-lequipe-pour-quelle-puisse-reussir-sa-preparation&#038;id=90109&#038;utm_source=feedburner&#038;utm_medium=feed&#038;utm_campaign=Feed%3A+GalerieFArtciles+%28Les+derniers+articles++-+lebuteur.com%29\">Cliquez ici pour lire l&rsquo;article depuis sa source.<\/a><\/p>\n","protected":false},"excerpt":{"rendered":"<p>Auteur : samedi 06 juillet 2019 10:27 Ly\u00e8s Sidhoum, qui lui reste encore six mois de contrat avec l\u2019Entente, dit qu\u2019il est pr\u00eat pour la reprise en esp\u00e9rant que les choses s\u2019arrangent.Quelles sont vos nouvelles ?Je vais tr\u00e8s bien surtout apr\u00e8s avoir pass\u00e9 de bonnes vacances aupr\u00e8s de la famille et des amis. Nous avions [&hellip;]<\/p>\n","protected":false},"author":1738,"featured_media":44709,"comment_status":"closed","ping_status":"closed","sticky":false,"template":"","format":"standard","meta":{"fifu_image_url":"","fifu_image_alt":"","footnotes":""},"categories":[53,75],"tags":[],"class_list":["post-44708","post","type-post","status-publish","format-standard","has-post-thumbnail","hentry","category-algerie","category-sport"],"_links":{"self":[{"href":"https:\/\/linitiative.ca\/International\/wp-json\/wp\/v2\/posts\/44708","targetHints":{"allow":["GET"]}}],"collection":[{"href":"https:\/\/linitiative.ca\/International\/wp-json\/wp\/v2\/posts"}],"about":[{"href":"https:\/\/linitiative.ca\/International\/wp-json\/wp\/v2\/types\/post"}],"author":[{"embeddable":true,"href":"https:\/\/linitiative.ca\/International\/wp-json\/wp\/v2\/users\/1738"}],"replies":[{"embeddable":true,"href":"https:\/\/linitiative.ca\/International\/wp-json\/wp\/v2\/comments?post=44708"}],"version-history":[{"count":0,"href":"https:\/\/linitiative.ca\/International\/wp-json\/wp\/v2\/posts\/44708\/revisions"}],"wp:featuredmedia":[{"embeddable":true,"href":"https:\/\/linitiative.ca\/International\/wp-json\/"}],"wp:attachment":[{"href":"https:\/\/linitiative.ca\/International\/wp-json\/wp\/v2\/media?parent=44708"}],"wp:term":[{"taxonomy":"category","embeddable":true,"href":"https:\/\/linitiative.ca\/International\/wp-json\/wp\/v2\/categories?post=44708"},{"taxonomy":"post_tag","embeddable":true,"href":"https:\/\/linitiative.ca\/International\/wp-json\/wp\/v2\/tags?post=44708"}],"curies":[{"name":"wp","href":"https:\/\/api.w.org\/{rel}","templated":true}]}}