{"id":44712,"date":"2019-07-06T15:14:07","date_gmt":"2019-07-06T19:14:07","guid":{"rendered":"https:\/\/linitiative.ca\/International\/ligue-1-2-mca-dieng-signe-au-ahly-pour-20-milliards-de-centimes\/"},"modified":"2019-07-06T15:14:07","modified_gmt":"2019-07-06T19:14:07","slug":"ligue-1-2-mca-dieng-signe-au-ahly-pour-20-milliards-de-centimes","status":"publish","type":"post","link":"https:\/\/linitiative.ca\/International\/ligue-1-2-mca-dieng-signe-au-ahly-pour-20-milliards-de-centimes\/","title":{"rendered":"Ligue 1 &amp; 2 : MCA: Dieng signe au Ahly pour 20 milliards de centimes"},"content":{"rendered":"<div readability=\"32\">\n<p>Auteur : <span>Kamel M.<\/span> <span class=\"time\">samedi 06 juillet 2019 10:27<\/span><\/p>\n<\/div>\n<div id=\"post_core\" readability=\"152\">\n<p>D\u00e9sormais, l\u2019international malien Aliou Dieng portera les couleurs de l\u2019ogre \u00e9gyptien, le Ahly du Caire, suite \u00e0 l\u2019accord trouv\u00e9 entre le pr\u00e9sident du CA, Mohamed Hireche, et le responsable du recrutement au sein de cette formation, \u00e0 travers le quel les deux parties se sont mises d\u2019accord pour le transfert du joueur. A croire une source digne de foi, le montant de la transaction serait de l\u2019ordre de 20 milliards de centimes, ce qui constitue une premi\u00e8re dans le football alg\u00e9rien, car aucun joueur n\u2019a \u00e9t\u00e9 transf\u00e9r\u00e9 \u00e0 l\u2019\u00e9tranger pour un tel montant.<\/p>\n<p><strong>Hireche a jou\u00e9 un grand r\u00f4le dans les n\u00e9gociations<\/strong><br \/>Cependant, le transfert de Dieng qui a donc permis au Mouloudia de renflouer les caisses du club par cette grande manne financi\u00e8re n\u2019a pas \u00e9t\u00e9 facile comme certains puissent le penser. En effet, Hireche a jou\u00e9 un grand r\u00f4le dans la r\u00e9ussite des n\u00e9gociations, car tout en respectant la volont\u00e9 du joueur de changer d\u2019air et de donner une nouvelle dimension \u00e0 sa carri\u00e8re par ce transfert au Ahly qui pourra lui ouvrir les portes du Vieux Continent, le pr\u00e9sident du conseil d\u2019administration \u00e0 veill\u00e9 \u00e0 pr\u00e9server les int\u00e9r\u00eats du Mouloudia. Hireche a tenu \u00e0 ce que Dieng soit estim\u00e9 \u00e0 sa juste valeur en \u00e9vitant de le brader, ce qui explique la difficult\u00e9 des n\u00e9gociations.<\/p>\n<p><strong>La proposition d\u2019un million d\u2019euros a \u00e9t\u00e9 refus\u00e9e<\/strong><br \/>Ayant effectu\u00e9 le d\u00e9placement \u00e0 Alger en \u00e9tant men\u00e9e par le responsable du recrutement Amir Toufik, la d\u00e9l\u00e9gation du Ahly a propos\u00e9 la somme d\u2019un million d\u2019euros pour le transfert de Dieng, tout en \u00e9tant pr\u00eate \u00e0 revoir cette proposition l\u00e9g\u00e8rement \u00e0 la hausse. Cependant, Hireche avait refus\u00e9 cette offre, idem pour Ghrib car le pr\u00e9sident du CA a tenu \u00e0 ce que l\u2019international malien soit estim\u00e9 \u00e0 sa juste valeur, tout en exigeant certaines clauses pour que le Mouloudia soit totalement b\u00e9n\u00e9ficiaire de cette transaction.<br \/><strong>Le transfert a \u00e9t\u00e9 conclu en trois jours<\/strong><br \/>Si on tient compte que la d\u00e9l\u00e9gation du Ahly se trouvait \u00e0 Alger depuis mercredi, on pourra dire ainsi que les n\u00e9gociations se sont \u00e9tal\u00e9 sur trois jours. Jeudi dernier, Hireche s\u2019est retrouv\u00e9 \u00e0 discuter avec les responsables du club \u00e9gyptien jusqu&rsquo;\u00e0 une heure tardive de la soir\u00e9e, mais sans pour autant qu\u2019un terrain d\u2019entente soit trouv\u00e9, m\u00eame si les pr\u00e9mices d\u2019un accord se profilaient. Il aura fallu qu\u2019un troisi\u00e8me round de n\u00e9gociations soit men\u00e9 hier en fin de matin\u00e9e et qui s\u2019est \u00e9tal\u00e9 jusqu\u2019au d\u00e9but d\u2019apr\u00e8s midi pour que la transaction soit conclue, en proc\u00e9dant aussi \u00e0 la signature d\u2019un protocole d\u2019accord. \u00a0<br \/><strong>Un partenariat entre les deux \u00e9quipes et un match de gala en aller-retour<\/strong><br \/>En effet, ce protocole d\u2019accord constitue \u00e0 ce que le Mouloudia et le Ahly proc\u00e8dent \u00e0 un \u00e9change de joueurs \u00e0 l\u2019avenir. A l\u2019occasion du centenaire du vieux club alg\u00e9rois, un match gala en aller-retour sera organis\u00e9, et cela pour l\u2019\u00e9quipe fanion et celle des v\u00e9t\u00e9rans, avec la pr\u00e9sence des grandes stars qui ont marqu\u00e9 l\u2019histoire des deux \u00e9quipes.<br \/><strong>Participation des jeunes d\u2019Al Ahly au tournoi Golden Cup<\/strong><br \/>D\u2019autre part, il n\u2019est un secret pour personne que le MCA qui a lanc\u00e9 le Campus foot organisera en d\u00e9cembre prochain un tournoi \u00e0 Timimoun qui regroupera les jeunes \u00e9quipes de tous les clubs ayant pour nom le Mouloudia. Un tournoi qui sera international \u00e0 partir de 2020 et qui sera connu sous l\u2019appellation Golden Cup. L\u00e0 aussi le Ahly s\u2019est engag\u00e9 \u00e0 prendre part \u00e0 ce tournoi international auquel participeront les jeunes cat\u00e9gories de grandes \u00e9quipes en Europe.<br \/><strong>Mahmoud Al Khatib attendu prochainement \u00e0 Al Alger<\/strong><br \/>Suite \u00e0 cet accord, le pr\u00e9sident du club \u00e9gyptien, qui n\u2019est autre que l\u2019ancienne star, Mahmoud Al Khatib, se d\u00e9placera prochainement \u00e0 Alger pour consolider le partenariat entre les deux clubs. Le pr\u00e9sident du CA, Mohamed Hireche, se d\u00e9placera \u00e0 son tour au Caire, ce qui illustre que ce transfert de Dieng est b\u00e9n\u00e9fique \u00e0 plus d\u2019un titre pour le Mouloudia.<br \/>\u00a0<\/p>\n<p><strong>Dieng devait partir hier en Egypte avant de rallier l\u2019Espagne<\/strong><\/p>\n<p>Apr\u00e8s que son transfert au Ahly s\u2019est concr\u00e9tis\u00e9, Aliou Dieng devait partir en Egypte hier soir pour qu\u2018il soit pr\u00e9sent\u00e9 officiellement au Caire, mais aussi se pr\u00e9parer pour rejoindre son \u00e9quipe qui est en stage de pr\u00e9paration en Espagne. Le Ahly et en raison du d\u00e9roulement de la CAN 2019, a choisi de partir en terre Ib\u00e9rique pour se pr\u00e9parer.<\/p>\n<p><strong>Il s\u2019entra\u00eenera avec le groupe avant de prendre part \u00e0 un autre stage \u00a0<\/strong><br \/>Une fois que le stage d\u2019Espagne s\u2019ach\u00e8vera, l\u2019international malien sera de retour au Caire, mais il ne pourra pas prendre part au reste du championnat \u00e9gyptien, il se contentera de s\u2019entra\u00eener avec le groupe. Toutefois, il sera du voyage en Europe de l\u2019Est pour effectuer un second stage de pr\u00e9paration en pr\u00e9vision du premier tour de la Ligue des champions qui d\u00e9butera en ao\u00fbt.<\/p>\n<p><strong>Dieng ne s\u2019est pas entrain\u00e9 hier matin<\/strong><br \/>Rappelons qu\u2019hier matin et avant qu\u2019un accord soit trouv\u00e9 pour son transfert, Aliou Dieng qui a eu \u00e9cho de la difficult\u00e9 des n\u00e9gociations entre le MCA et le Ahly, a refus\u00e9 de s\u2019entra\u00eener avec ses co\u00e9quipiers \u00e0 l\u2019occasion de la s\u00e9ance d\u2019entra\u00eenement de la matin\u00e9e. Ce dernier \u00e9tait d\u00e9cid\u00e9 \u00e0 changer d\u2019air, une mani\u00e8re \u00e0 lui de faire comprendre aux dirigeants sa position, en se pr\u00e9sentant au stade annexe du 5-Juillet en tenue de ville. On laisse entendre que Ghrib aurait discut\u00e9 avec le joueur et s\u2019est montr\u00e9 pr\u00eat \u00e0 revoir son salaire \u00e0 la hausse, mais Dieng a clairement affich\u00e9 son intention de partir, motivant sa volont\u00e9 de changer d\u2019air par le challenge sportif.<\/p>\n<p><strong>Il percevra un salaire de 30 000 dollars<\/strong><br \/>Toutefois et en plus du challenge sportif, il semble bien que le salaire propos\u00e9 \u00e0 Dieng l\u2019a aussi motiv\u00e9 \u00e0 plus d\u2019un titre, car on lui propos\u00e9 une mensualit\u00e9 de 30 000 dollars. Ainsi, le Mouloudia ne pouvait en aucun cas s\u2019aligner sur l\u2019offre du Ahly et ne voulait en aucun cas retenir le joueur contre son gr\u00e9.<br \/>\u00a0<\/p>\n<p><strong>On redoute une d\u00e9chirure musculaire chez Merouani<\/strong><br \/>Hier matin et contrairement \u00e0 ses co\u00e9quipiers, Merouani s\u2019est content\u00e9 de s\u2019entra\u00eener en solo du fait qu\u2019il a ressenti des douleurs \u00e0 la cuisse comme cela a \u00e9t\u00e9 le cas \u00e0 la reprise des entrainements qui a eu lieu jeudi en fin d\u2019apr\u00e8s-midi. En effet, le joueur souffrait d\u2019une d\u00e9chirure musculaire, suite \u00e0 la blessure qu\u2019il a contract\u00e9e lors du match livr\u00e9 face \u00e0 l\u2019ASAM, et qui l\u2019a contraint \u00e0 c\u00e9der sa place en cours de partie. Depuis, il semble bien que cette blessure a \u00e9t\u00e9 mal soign\u00e9, car Merouani est parti par la suite en vacances. Ainsi on redoute au Mouloudia qu\u2019il ne soit pas convenablement r\u00e9tabli, ce qui lui portera pr\u00e9judice durant cette pr\u00e9paration d\u2019intersaison. Le joueur passera une \u00e9chographie et ce sera \u00e0 la base du diagnostic m\u00e9dical qui sera \u00e9tabli qu\u2019on pourra \u00eatre fix\u00e9 sur la nature de sa blessure, tout en souhaitant que la plaie soit referm\u00e9e. \u00a0<br \/>\u00a0<\/p>\n<p><strong>Le Gabonais Bekale pressenti pour remplacer Dieng<\/strong><br \/>Bien avant que Dieng ne soit officiellement transf\u00e9r\u00e9 au Ahly, le Mouloudia s\u2019est pr\u00e9par\u00e9 \u00e0 toute \u00e9ventualit\u00e9, et plusieurs CV de joueurs \u00e9trangers sont parvenus \u00e0 la direction du club. Toutefois et s\u2019il y a un joueur qui a attir\u00e9 l\u2019intention des Mouloud\u00e9ens c\u2019est bien le Gabonais Bekale, un jeune joueur de 20 ans qui a \u00e9volu\u00e9 la saison pass\u00e9e \u00e0 l\u2019ES Metlaoui. \u00a0<\/p>\n<p><strong>Ses qualit\u00e9s ont plu \u00e0 Casoni<\/strong><br \/>Ce jeune milieu de terrain d\u00e9fensif n\u2019a pas manqu\u00e9 aussi d\u2019attirer l\u2019attention de Casoni apr\u00e8s l\u2019avoir visionn\u00e9, et ce, gr\u00e2ce \u00e0 ses qualit\u00e9s intrins\u00e8ques. Dot\u00e9 d\u2019un bon pied droit, Bekale est aussi un \u00e9l\u00e9ment polyvalent et son \u00e2ge lui permet d\u2019avoir une grande marge de progression. Maintenant que Dieng a \u00e9t\u00e9 transf\u00e9r\u00e9, il est \u00e9vident que le MCA va se mettre sur sa piste, m\u00eame si d\u2019autres noms lui ont \u00e9t\u00e9 propos\u00e9s et que les CV affluent toujours \u00e0 la direction du club.<br \/>\u00a0<\/p>\n<p><strong>Publi\u00e9 dans :<\/strong> <span>mca<\/span> <span>Dieng<\/span> <span>Mahmoud Al Khatib<\/span><\/p>\n<\/div>\n<p>Auteur:<br \/>\n<a href=\"http:\/\/www.lebuteur.com\/article\/detail?titre=mca-dieng-signe-au-ahly-pour-20-milliards-de-centimes&#038;id=90107&#038;utm_source=feedburner&#038;utm_medium=feed&#038;utm_campaign=Feed%3A+GalerieFArtciles+%28Les+derniers+articles++-+lebuteur.com%29\">Cliquez ici pour lire l&rsquo;article depuis sa source.<\/a><\/p>\n","protected":false},"excerpt":{"rendered":"<p>Auteur : Kamel M. samedi 06 juillet 2019 10:27 D\u00e9sormais, l\u2019international malien Aliou Dieng portera les couleurs de l\u2019ogre \u00e9gyptien, le Ahly du Caire, suite \u00e0 l\u2019accord trouv\u00e9 entre le pr\u00e9sident du CA, Mohamed Hireche, et le responsable du recrutement au sein de cette formation, \u00e0 travers le quel les deux parties se sont mises [&hellip;]<\/p>\n","protected":false},"author":1738,"featured_media":44713,"comment_status":"closed","ping_status":"closed","sticky":false,"template":"","format":"standard","meta":{"fifu_image_url":"","fifu_image_alt":"","footnotes":""},"categories":[53,75],"tags":[],"class_list":["post-44712","post","type-post","status-publish","format-standard","has-post-thumbnail","hentry","category-algerie","category-sport"],"_links":{"self":[{"href":"https:\/\/linitiative.ca\/International\/wp-json\/wp\/v2\/posts\/44712","targetHints":{"allow":["GET"]}}],"collection":[{"href":"https:\/\/linitiative.ca\/International\/wp-json\/wp\/v2\/posts"}],"about":[{"href":"https:\/\/linitiative.ca\/International\/wp-json\/wp\/v2\/types\/post"}],"author":[{"embeddable":true,"href":"https:\/\/linitiative.ca\/International\/wp-json\/wp\/v2\/users\/1738"}],"replies":[{"embeddable":true,"href":"https:\/\/linitiative.ca\/International\/wp-json\/wp\/v2\/comments?post=44712"}],"version-history":[{"count":0,"href":"https:\/\/linitiative.ca\/International\/wp-json\/wp\/v2\/posts\/44712\/revisions"}],"wp:featuredmedia":[{"embeddable":true,"href":"https:\/\/linitiative.ca\/International\/wp-json\/"}],"wp:attachment":[{"href":"https:\/\/linitiative.ca\/International\/wp-json\/wp\/v2\/media?parent=44712"}],"wp:term":[{"taxonomy":"category","embeddable":true,"href":"https:\/\/linitiative.ca\/International\/wp-json\/wp\/v2\/categories?post=44712"},{"taxonomy":"post_tag","embeddable":true,"href":"https:\/\/linitiative.ca\/International\/wp-json\/wp\/v2\/tags?post=44712"}],"curies":[{"name":"wp","href":"https:\/\/api.w.org\/{rel}","templated":true}]}}