{"id":44720,"date":"2019-07-06T15:14:12","date_gmt":"2019-07-06T19:14:12","guid":{"rendered":"https:\/\/linitiative.ca\/International\/equipe-dalgerie-en-belmadi-commente-lelimination-du-maroc\/"},"modified":"2019-07-06T15:14:12","modified_gmt":"2019-07-06T19:14:12","slug":"equipe-dalgerie-en-belmadi-commente-lelimination-du-maroc","status":"publish","type":"post","link":"https:\/\/linitiative.ca\/International\/equipe-dalgerie-en-belmadi-commente-lelimination-du-maroc\/","title":{"rendered":"Equipe d&rsquo;Alg\u00e9rie : EN : Belmadi commente l&rsquo;\u00e9limination du Maroc"},"content":{"rendered":"<div readability=\"32\">\n<p>Auteur : <span class=\"time\">samedi 06 juillet 2019 13:18<\/span><\/p>\n<\/div>\n<div id=\"post_core\" readability=\"39\">\n<p>Le s\u00e9lectionneur des Verts est d&rsquo;ailleurs revenu sur l&rsquo;\u00e9limination du Maroc face au B\u00e9nin en d\u00e9clarant qu&rsquo;il fallait en tirer les le\u00e7ons avant d&rsquo;affronter la Guin\u00e9e ce dimanche :<\/p>\n<p>\u00ab\u00a0Ce qui leur est arriv\u00e9 est \u00e9videmment un choc. C&rsquo;est difficile pour le Maroc surtout apr\u00e8s leur beau parcours en phase de poules. S\u2019il fallait qu&rsquo;on soit encore plus avertis&#8230; mais on n\u2019en a pas besoin. On ne fera pas la m\u00eame erreur que le Maroc. C&rsquo;est dommage de les voir sortir \u00e0 cause d&rsquo;une erreur individuelle. Pour notre part, on se pr\u00e9pare comme il faut pour le match face \u00e0 la Guin\u00e9e. On veut durer le plus longtemps possible dans cette comp\u00e9tition\u00a0\u00bb.<\/p>\n<p><strong>Publi\u00e9 dans :<\/strong> <span>algerie<\/span><\/p>\n<\/div>\n<p>Auteur:<br \/>\n<a href=\"http:\/\/www.lebuteur.com\/article\/detail?titre=en-belmadi-commente-lelimination-du-maroc&#038;id=90123&#038;utm_source=feedburner&#038;utm_medium=feed&#038;utm_campaign=Feed%3A+GalerieFArtciles+%28Les+derniers+articles++-+lebuteur.com%29\">Cliquez ici pour lire l&rsquo;article depuis sa source.<\/a><\/p>\n","protected":false},"excerpt":{"rendered":"<p>Auteur : samedi 06 juillet 2019 13:18 Le s\u00e9lectionneur des Verts est d&rsquo;ailleurs revenu sur l&rsquo;\u00e9limination du Maroc face au B\u00e9nin en d\u00e9clarant qu&rsquo;il fallait en tirer les le\u00e7ons avant d&rsquo;affronter la Guin\u00e9e ce dimanche : \u00ab\u00a0Ce qui leur est arriv\u00e9 est \u00e9videmment un choc. C&rsquo;est difficile pour le Maroc surtout apr\u00e8s leur beau parcours [&hellip;]<\/p>\n","protected":false},"author":1738,"featured_media":44721,"comment_status":"closed","ping_status":"closed","sticky":false,"template":"","format":"standard","meta":{"fifu_image_url":"","fifu_image_alt":"","footnotes":""},"categories":[53,75],"tags":[],"class_list":["post-44720","post","type-post","status-publish","format-standard","has-post-thumbnail","hentry","category-algerie","category-sport"],"_links":{"self":[{"href":"https:\/\/linitiative.ca\/International\/wp-json\/wp\/v2\/posts\/44720","targetHints":{"allow":["GET"]}}],"collection":[{"href":"https:\/\/linitiative.ca\/International\/wp-json\/wp\/v2\/posts"}],"about":[{"href":"https:\/\/linitiative.ca\/International\/wp-json\/wp\/v2\/types\/post"}],"author":[{"embeddable":true,"href":"https:\/\/linitiative.ca\/International\/wp-json\/wp\/v2\/users\/1738"}],"replies":[{"embeddable":true,"href":"https:\/\/linitiative.ca\/International\/wp-json\/wp\/v2\/comments?post=44720"}],"version-history":[{"count":0,"href":"https:\/\/linitiative.ca\/International\/wp-json\/wp\/v2\/posts\/44720\/revisions"}],"wp:featuredmedia":[{"embeddable":true,"href":"https:\/\/linitiative.ca\/International\/wp-json\/"}],"wp:attachment":[{"href":"https:\/\/linitiative.ca\/International\/wp-json\/wp\/v2\/media?parent=44720"}],"wp:term":[{"taxonomy":"category","embeddable":true,"href":"https:\/\/linitiative.ca\/International\/wp-json\/wp\/v2\/categories?post=44720"},{"taxonomy":"post_tag","embeddable":true,"href":"https:\/\/linitiative.ca\/International\/wp-json\/wp\/v2\/tags?post=44720"}],"curies":[{"name":"wp","href":"https:\/\/api.w.org\/{rel}","templated":true}]}}