{"id":44726,"date":"2019-07-05T19:00:00","date_gmt":"2019-07-05T23:00:00","guid":{"rendered":"https:\/\/linitiative.ca\/International\/hausse-considerable-des-diplomes-de-la-formation-professionnelle-le-secteur-ne-chome-pas\/"},"modified":"2019-07-05T19:00:00","modified_gmt":"2019-07-05T23:00:00","slug":"hausse-considerable-des-diplomes-de-la-formation-professionnelle-le-secteur-ne-chome-pas","status":"publish","type":"post","link":"https:\/\/linitiative.ca\/International\/hausse-considerable-des-diplomes-de-la-formation-professionnelle-le-secteur-ne-chome-pas\/","title":{"rendered":"Hausse consid\u00e9rable des Dipl\u00f4m\u00e9s  de la formation :  professionnelle  Le secteur  ne ch\u00f4me pas"},"content":{"rendered":"<p>La formation professionnelle attire chaque ann\u00e9e de plus en plus de jeunes, en t\u00e9moigne\u00a0 l\u2019accroissement du nombre des dipl\u00f4m\u00e9s. \u00abLa session de f\u00e9vrier 2019 a enregistr\u00e9 158.000 dipl\u00f4m\u00e9s dans 23 branches et 344 sp\u00e9cialit\u00e9s sur un total de 495 sp\u00e9cialit\u00e9s composant la nomenclature des branches professionnelles et des sp\u00e9cialit\u00e9s de la formation professionnelle\u00bb, a d\u00e9clar\u00e9 le ministre de la Formation et de l\u2019Enseignement professionnels, lors d&rsquo;une c\u00e9r\u00e9monie de remise des dipl\u00f4mes aux laur\u00e9ats 2018\/2019, \u00e0 Tamanrasset. M. Belkheir DadaMoussa a\u00a0 fait savoir, \u00e0 ce propos, que les sp\u00e9cialit\u00e9s dispens\u00e9es \u00abr\u00e9pondent aux exigences et\u00a0 \u00e9volutions\u00bb des besoins du march\u00e9 du travail dans pratiquement toutes les branches. Il a affirm\u00e9 que l\u2019\u00c9tat accorde un int\u00e9r\u00eat \u00abparticulier\u00bb aux jeunes et consent des efforts \u00abconsid\u00e9rables\u00bb pour le d\u00e9veloppement du syst\u00e8me national de la formation et de l&rsquo;enseignement professionnels. \u00abLe nombre des dipl\u00f4m\u00e9s conna\u00eet une hausse importante d\u2019ann\u00e9e en ann\u00e9e. En 2017, le secteur a enregistr\u00e9 pr\u00e8s de 285.000 dipl\u00f4m\u00e9s, dont plus de 115.000 filles, contre plus de 314.000 dipl\u00f4m\u00e9s, dont 120.000 filles enregistr\u00e9s en 2018\u00bb, a pr\u00e9cis\u00e9 le ministre, indiquant que les dipl\u00f4m\u00e9s de la session de f\u00e9vrier 2019 (158.000 stagiaires dont 68.000 filles) ont suivi leurs cursus au niveau de 1295 \u00e9tablissements de formation (instituts nationaux sp\u00e9cialis\u00e9s, CFPA, instituts\u00a0 \u00a0d&rsquo;enseignement professionnel, \u00e9coles priv\u00e9es de formation professionnelle au nombre de 70\u2026 ).\u00a0\u00a0<\/p>\n<p>Belkheir Dadamoussa n&rsquo;a pas manqu\u00e9 de souligner les efforts importants d\u00e9ploy\u00e9s pour la prise en charge des personnes aux besoins sp\u00e9cifiques. \u00abLe secteur compte cinq centres r\u00e9gionaux de formation professionnelle et d&rsquo;apprentissage d\u00e9di\u00e9s \u00e0 cette frange \u00e0 Alger, Boumerd\u00e8s, Laghouat, Skikda et Relizane\u00bb, a-t-il rappel\u00e9.\u00a0<\/p>\n<p>Il convient de souligner, qu\u2019outre ces centres, les autres structures de formation prennent \u00e9galement en charge des personnes aux besoins sp\u00e9cifiques dans des branches simples, pour leur permettre d&rsquo;obtenir une qualification professionnelle \u00abr\u00e9pondant \u00e0 leurs besoins et \u00e0 leurs capacit\u00e9s\u00bb.<\/p>\n<p>Le ministre a mis en avant par ailleurs la position qu&rsquo;occupe actuellement le secteur, gr\u00e2ce \u00e0 \u00abl&rsquo;am\u00e9lioration\u00bb de son image, la\u00a0 \u00abvalorisation\u00bb de ses dipl\u00f4mes et des formations qui, selon lui, offrent aux jeunes des d\u00e9bouch\u00e9s et des chances d&rsquo;acc\u00e8s au monde du travail, avant de saluer le r\u00f4le des repr\u00e9sentants des secteurs et entreprises \u00e9conomiques, publiques et priv\u00e9es, ainsi que les directeurs de banque, dans l&rsquo;am\u00e9lioration de la qualit\u00e9 de la formation.\u00a0 \u00a0<\/p>\n<p>Pour l&rsquo;ann\u00e9e 2018\/2019, il a \u00e9t\u00e9 proc\u00e9d\u00e9 \u00e0 la distinction du major de promotion au niveau de Tamanrasset, lors du concours national sur la culture financi\u00e8re, organis\u00e9 en partenariat avec la Banque de l&rsquo;Agriculture et du D\u00e9veloppement rural, et 10 autres majors, dont 2 filles, dans 8 sp\u00e9cialit\u00e9s.\u00a0\u00a0<\/p>\n<p>Belkheir Dadamoussa a affirm\u00e9 que son d\u00e9partement envisage la g\u00e9n\u00e9ralisation de\u00a0 \u00a0cette exp\u00e9rience fructueuse, en collaboration avec les autres entreprises financi\u00e8res, compte tenu de l&rsquo;aspect p\u00e9dagogique de la formation dans le domaine des transactions financi\u00e8res et bancaires de ce concours consid\u00e9r\u00e9 comme une phase \u00ab importante \u00bb dans la formation des stagiaires en fin de cycle de formation et souhaitant cr\u00e9er leurs petites entreprises .<\/p>\n<p>Le minist\u00e8re de la Formation et de l\u2019Enseignement professionnels s\u2019attelle actuellement au d\u00e9veloppement de Centres d\u2019excellence par la mise en ad\u00e9quation des fili\u00e8res des \u00e9tablissements de formation avec les sp\u00e9cialit\u00e9s qui font \u00abl\u2019essentiel\u00bb du bassin industriel local.<\/p>\n<p>Sarah A. Benali Cherif\u00a0<\/p>\n<p>Auteur: elmoudjahid<br \/>\n<a href=\"http:\/\/www.elmoudjahid.com\/fr\/actualites\/138941\">Cliquez ici pour lire l&rsquo;article depuis sa source.<\/a><\/p>\n","protected":false},"excerpt":{"rendered":"<p>La formation professionnelle attire chaque ann\u00e9e de plus en plus de jeunes, en t\u00e9moigne\u00a0 l\u2019accroissement du nombre des dipl\u00f4m\u00e9s. \u00abLa session de f\u00e9vrier 2019 a enregistr\u00e9 158.000 dipl\u00f4m\u00e9s dans 23 branches et 344 sp\u00e9cialit\u00e9s sur un total de 495 sp\u00e9cialit\u00e9s composant la nomenclature des branches professionnelles et des sp\u00e9cialit\u00e9s de la formation professionnelle\u00bb, a d\u00e9clar\u00e9 [&hellip;]<\/p>\n","protected":false},"author":1744,"featured_media":0,"comment_status":"closed","ping_status":"closed","sticky":false,"template":"","format":"standard","meta":{"fifu_image_url":"","fifu_image_alt":"","footnotes":""},"categories":[73,53],"tags":[],"class_list":["post-44726","post","type-post","status-publish","format-standard","hentry","category-actualite","category-algerie"],"_links":{"self":[{"href":"https:\/\/linitiative.ca\/International\/wp-json\/wp\/v2\/posts\/44726","targetHints":{"allow":["GET"]}}],"collection":[{"href":"https:\/\/linitiative.ca\/International\/wp-json\/wp\/v2\/posts"}],"about":[{"href":"https:\/\/linitiative.ca\/International\/wp-json\/wp\/v2\/types\/post"}],"author":[{"embeddable":true,"href":"https:\/\/linitiative.ca\/International\/wp-json\/wp\/v2\/users\/1744"}],"replies":[{"embeddable":true,"href":"https:\/\/linitiative.ca\/International\/wp-json\/wp\/v2\/comments?post=44726"}],"version-history":[{"count":0,"href":"https:\/\/linitiative.ca\/International\/wp-json\/wp\/v2\/posts\/44726\/revisions"}],"wp:attachment":[{"href":"https:\/\/linitiative.ca\/International\/wp-json\/wp\/v2\/media?parent=44726"}],"wp:term":[{"taxonomy":"category","embeddable":true,"href":"https:\/\/linitiative.ca\/International\/wp-json\/wp\/v2\/categories?post=44726"},{"taxonomy":"post_tag","embeddable":true,"href":"https:\/\/linitiative.ca\/International\/wp-json\/wp\/v2\/tags?post=44726"}],"curies":[{"name":"wp","href":"https:\/\/api.w.org\/{rel}","templated":true}]}}