{"id":44753,"date":"2019-07-06T14:31:00","date_gmt":"2019-07-06T18:31:00","guid":{"rendered":"https:\/\/linitiative.ca\/International\/marche-pacifique-un-20eme-vendredi-dedie-a-la-fete-de-lindependance\/"},"modified":"2019-07-06T14:31:00","modified_gmt":"2019-07-06T18:31:00","slug":"marche-pacifique-un-20eme-vendredi-dedie-a-la-fete-de-lindependance","status":"publish","type":"post","link":"https:\/\/linitiative.ca\/International\/marche-pacifique-un-20eme-vendredi-dedie-a-la-fete-de-lindependance\/","title":{"rendered":"MARCHE PACIFIQUE : Un 20\u00e8me vendredi, d\u00e9di\u00e9 \u00e0 la f\u00eate de l\u2019ind\u00e9pendance"},"content":{"rendered":"<p><br id=\"sep_para_1\" class=\"sep_para access\"\/><\/p>\n<div id=\"para_1\" class=\"para_32033136 resize\">\n<div class=\"texte access firstletter\">Ce vingti\u00e8me vendredi cons\u00e9cutif de manifestations a \u00e9t\u00e9 tout particulier. En effet, il a co\u00efncid\u00e9 avec la comm\u00e9moration du 57e anniversaire du recouvrement de l&rsquo;Ind\u00e9pendance du pays. Les Mostaganemois\u00a0 sont ainsi sortis en masse, pour f\u00eater l&rsquo;Ind\u00e9pendance et pour r\u00e9it\u00e9rer leur attachement \u00e0 leurs revendications, qu&rsquo;ils d\u00e9fendent chaque vendredi que Dieu fait, depuis le 22 f\u00e9vrier dernier. Les manifestants ont une nouvelle fois appel\u00e9 \u00e0 un changement radical du r\u00e9gime, et ont aussi scand\u00e9 les m\u00eames slogans que les vendredis pr\u00e9c\u00e9dents, \u00e0 l&rsquo;exemple de\u00a0 \u00ab\u00a0Djazair hora dimokratia\u00a0\u00bb (Alg\u00e9rie libre et d\u00e9mocratique). Notons que la plupart des manifestations se sont d\u00e9roul\u00e9es sous une forte chaleur, mais ces conditions climatiques n&rsquo;ont pas emp\u00each\u00e9 les Mostaganemois, qui portaient en masse le Drapeau national, d&rsquo;exprimer haut et fort leurs revendications.<\/div>\n<\/div>\n<p>Auteur: G.Yacine<br \/>\n<a href=\"https:\/\/www.reflexiondz.net\/MARCHE-PACIFIQUE-Un-20eme-vendredi-dedie-a-la-fete-de-l-independance_a56430.html\">Cliquez ici pour lire l&rsquo;article depuis sa source.<\/a><\/p>\n","protected":false},"excerpt":{"rendered":"<p>Ce vingti\u00e8me vendredi cons\u00e9cutif de manifestations a \u00e9t\u00e9 tout particulier. En effet, il a co\u00efncid\u00e9 avec la comm\u00e9moration du 57e anniversaire du recouvrement de l&rsquo;Ind\u00e9pendance du pays. Les Mostaganemois\u00a0 sont ainsi sortis en masse, pour f\u00eater l&rsquo;Ind\u00e9pendance et pour r\u00e9it\u00e9rer leur attachement \u00e0 leurs revendications, qu&rsquo;ils d\u00e9fendent chaque vendredi que Dieu fait, depuis le 22 [&hellip;]<\/p>\n","protected":false},"author":1740,"featured_media":0,"comment_status":"closed","ping_status":"closed","sticky":false,"template":"","format":"standard","meta":{"fifu_image_url":"","fifu_image_alt":"","footnotes":""},"categories":[53,76],"tags":[],"class_list":["post-44753","post","type-post","status-publish","format-standard","hentry","category-algerie","category-regions"],"_links":{"self":[{"href":"https:\/\/linitiative.ca\/International\/wp-json\/wp\/v2\/posts\/44753","targetHints":{"allow":["GET"]}}],"collection":[{"href":"https:\/\/linitiative.ca\/International\/wp-json\/wp\/v2\/posts"}],"about":[{"href":"https:\/\/linitiative.ca\/International\/wp-json\/wp\/v2\/types\/post"}],"author":[{"embeddable":true,"href":"https:\/\/linitiative.ca\/International\/wp-json\/wp\/v2\/users\/1740"}],"replies":[{"embeddable":true,"href":"https:\/\/linitiative.ca\/International\/wp-json\/wp\/v2\/comments?post=44753"}],"version-history":[{"count":0,"href":"https:\/\/linitiative.ca\/International\/wp-json\/wp\/v2\/posts\/44753\/revisions"}],"wp:attachment":[{"href":"https:\/\/linitiative.ca\/International\/wp-json\/wp\/v2\/media?parent=44753"}],"wp:term":[{"taxonomy":"category","embeddable":true,"href":"https:\/\/linitiative.ca\/International\/wp-json\/wp\/v2\/categories?post=44753"},{"taxonomy":"post_tag","embeddable":true,"href":"https:\/\/linitiative.ca\/International\/wp-json\/wp\/v2\/tags?post=44753"}],"curies":[{"name":"wp","href":"https:\/\/api.w.org\/{rel}","templated":true}]}}