{"id":44755,"date":"2019-07-06T14:31:00","date_gmt":"2019-07-06T18:31:00","guid":{"rendered":"https:\/\/linitiative.ca\/International\/tlemcen-tentative-dassassinat-dun-taxieur\/"},"modified":"2019-07-06T14:31:00","modified_gmt":"2019-07-06T18:31:00","slug":"tlemcen-tentative-dassassinat-dun-taxieur","status":"publish","type":"post","link":"https:\/\/linitiative.ca\/International\/tlemcen-tentative-dassassinat-dun-taxieur\/","title":{"rendered":"TLEMCEN : Tentative d\u2019assassinat d\u2019un \u2018\u2019taxieur\u2019\u2019"},"content":{"rendered":"<p><br id=\"sep_para_1\" class=\"sep_para access\"\/><\/p>\n<div id=\"para_1\" class=\"para_32033120 resize\">\n<div class=\"texte access firstletter\">Le vendredi dernier,\u00a0 une\u00a0 bande compos\u00e9e de deux jeunes a tent\u00e9 d\u2019assassiner un taxieur, p\u00e8re de deux enfants selon notre source cr\u00e9dible. Les faits de cette affaire qui a \u00e9branl\u00e9 la population est survenu \u00e0 11 heures\u00a0 du matin, quand deux jeunes se\u00a0 sont rapproch\u00e9s\u00a0 du taxieur au niveau de la place \u00e9mir Abdelkader,\u00a0 situ\u00e9e au centre ville de Tlemcen et ont propos\u00e9 au chauffeur de les d\u00e9poser au niveau de la cit\u00e9 des 600 logements AADL de Bouhanek. En cours\u00a0 de route,\u00a0 des armes ont \u00e9t\u00e9 brandies \u00e0 l\u2019encontre du chauffeur\u00a0 qui a m\u00eame re\u00e7u un coup de la part du passager se trouvant \u00e0 l\u2019arri\u00e8re.\u00a0 Le p\u00e8re de famille s\u2019est enfui\u00a0 en ouvrant la porti\u00e8re de la voiture. La victime a d\u00e9pos\u00e9 une plainte au niveau de la 77\u00e8me\u00a0 s\u00fbret\u00e9 urbaine o\u00f9 une enqu\u00eate a \u00e9t\u00e9 ouverte par les services de s\u00e9curit\u00e9s, afin de r\u00e9cup\u00e9rer la voiture vol\u00e9e et proc\u00e9der \u00e0 l\u2019arrestation des agresseurs .\u00a0\u00a0\u00a0<\/div>\n<\/div>\n<p>Auteur: H. Bouna<br \/>\n<a href=\"https:\/\/www.reflexiondz.net\/TLEMCEN-Tentative-d-assassinat-d-un-taxieur_a56426.html\">Cliquez ici pour lire l&rsquo;article depuis sa source.<\/a><\/p>\n","protected":false},"excerpt":{"rendered":"<p>Le vendredi dernier,\u00a0 une\u00a0 bande compos\u00e9e de deux jeunes a tent\u00e9 d\u2019assassiner un taxieur, p\u00e8re de deux enfants selon notre source cr\u00e9dible. Les faits de cette affaire qui a \u00e9branl\u00e9 la population est survenu \u00e0 11 heures\u00a0 du matin, quand deux jeunes se\u00a0 sont rapproch\u00e9s\u00a0 du taxieur au niveau de la place \u00e9mir Abdelkader,\u00a0 situ\u00e9e [&hellip;]<\/p>\n","protected":false},"author":1740,"featured_media":0,"comment_status":"closed","ping_status":"closed","sticky":false,"template":"","format":"standard","meta":{"fifu_image_url":"","fifu_image_alt":"","footnotes":""},"categories":[53,76],"tags":[],"class_list":["post-44755","post","type-post","status-publish","format-standard","hentry","category-algerie","category-regions"],"_links":{"self":[{"href":"https:\/\/linitiative.ca\/International\/wp-json\/wp\/v2\/posts\/44755","targetHints":{"allow":["GET"]}}],"collection":[{"href":"https:\/\/linitiative.ca\/International\/wp-json\/wp\/v2\/posts"}],"about":[{"href":"https:\/\/linitiative.ca\/International\/wp-json\/wp\/v2\/types\/post"}],"author":[{"embeddable":true,"href":"https:\/\/linitiative.ca\/International\/wp-json\/wp\/v2\/users\/1740"}],"replies":[{"embeddable":true,"href":"https:\/\/linitiative.ca\/International\/wp-json\/wp\/v2\/comments?post=44755"}],"version-history":[{"count":0,"href":"https:\/\/linitiative.ca\/International\/wp-json\/wp\/v2\/posts\/44755\/revisions"}],"wp:attachment":[{"href":"https:\/\/linitiative.ca\/International\/wp-json\/wp\/v2\/media?parent=44755"}],"wp:term":[{"taxonomy":"category","embeddable":true,"href":"https:\/\/linitiative.ca\/International\/wp-json\/wp\/v2\/categories?post=44755"},{"taxonomy":"post_tag","embeddable":true,"href":"https:\/\/linitiative.ca\/International\/wp-json\/wp\/v2\/tags?post=44755"}],"curies":[{"name":"wp","href":"https:\/\/api.w.org\/{rel}","templated":true}]}}