{"id":44756,"date":"2019-07-06T14:31:00","date_gmt":"2019-07-06T18:31:00","guid":{"rendered":"https:\/\/linitiative.ca\/International\/canastel-oran-decouverte-dun-homme-mort-accroche-a-une-fenetre\/"},"modified":"2019-07-06T14:31:00","modified_gmt":"2019-07-06T18:31:00","slug":"canastel-oran-decouverte-dun-homme-mort-accroche-a-une-fenetre","status":"publish","type":"post","link":"https:\/\/linitiative.ca\/International\/canastel-oran-decouverte-dun-homme-mort-accroche-a-une-fenetre\/","title":{"rendered":"CANASTEL (ORAN) : D\u00e9couverte d\u2019un homme mort accroch\u00e9 \u00e0 une fen\u00eatre"},"content":{"rendered":"<p><br id=\"sep_para_1\" class=\"sep_para access\"\/><\/p>\n<div id=\"para_1\" class=\"para_32033101 resize\">\n<div class=\"texte access firstletter\">La localit\u00e9 de Canastel a \u00e9t\u00e9 \u00e9branl\u00e9e le jeudi dernier par une triste nouvelle faisant \u00e9tat de la d\u00e9couverte macabre d\u2019un homme sans vie. Selon les informations \u00e9manant de la protection civile, la victime \u00e2g\u00e9e de 47 ans a \u00e9t\u00e9 retrouv\u00e9e\u00a0 pendue et accroch\u00e9e\u00a0 \u00e0 une fen\u00eatre\u00a0 \u00e0 l\u2019aide d\u2019une corde. Les \u00e9l\u00e9ments de la protection civile ont \u00e9vacu\u00e9 la d\u00e9pouille mortelle vers la morgue\u00a0 de l\u2019\u00e9tablissement public hospitalier \u2018\u2019 le 1er Novembre\u2019\u2019 d\u2019Oran pour les besoins de l\u2019autopsie m\u00e9dicale. Une enqu\u00eate a \u00e9t\u00e9 \u00e9galement diligent\u00e9e par les services de s\u00e9curit\u00e9 afin de d\u00e9terminer les causes de cette mort encore \u00e9nigmatique.\u00a0\u00a0\u00a0\u00a0\u00a0\u00a0\u00a0\u00a0\u00a0\u00a0\u00a0\u00a0\u00a0\u00a0\u00a0\u00a0\u00a0\u00a0\u00a0\u00a0\u00a0\u00a0\u00a0\u00a0\u00a0\u00a0\u00a0\u00a0\u00a0\u00a0\u00a0\u00a0\u00a0\u00a0\u00a0\u00a0\u00a0\u00a0<\/div>\n<\/div>\n<p>Auteur: Smain<br \/>\n<a href=\"https:\/\/www.reflexiondz.net\/CANASTEL-ORAN-Decouverte-d-un-homme-mort-accroche-a-une-fenetre_a56423.html\">Cliquez ici pour lire l&rsquo;article depuis sa source.<\/a><\/p>\n","protected":false},"excerpt":{"rendered":"<p>La localit\u00e9 de Canastel a \u00e9t\u00e9 \u00e9branl\u00e9e le jeudi dernier par une triste nouvelle faisant \u00e9tat de la d\u00e9couverte macabre d\u2019un homme sans vie. Selon les informations \u00e9manant de la protection civile, la victime \u00e2g\u00e9e de 47 ans a \u00e9t\u00e9 retrouv\u00e9e\u00a0 pendue et accroch\u00e9e\u00a0 \u00e0 une fen\u00eatre\u00a0 \u00e0 l\u2019aide d\u2019une corde. Les \u00e9l\u00e9ments de la [&hellip;]<\/p>\n","protected":false},"author":1740,"featured_media":0,"comment_status":"closed","ping_status":"closed","sticky":false,"template":"","format":"standard","meta":{"fifu_image_url":"","fifu_image_alt":"","footnotes":""},"categories":[53,76],"tags":[],"class_list":["post-44756","post","type-post","status-publish","format-standard","hentry","category-algerie","category-regions"],"_links":{"self":[{"href":"https:\/\/linitiative.ca\/International\/wp-json\/wp\/v2\/posts\/44756","targetHints":{"allow":["GET"]}}],"collection":[{"href":"https:\/\/linitiative.ca\/International\/wp-json\/wp\/v2\/posts"}],"about":[{"href":"https:\/\/linitiative.ca\/International\/wp-json\/wp\/v2\/types\/post"}],"author":[{"embeddable":true,"href":"https:\/\/linitiative.ca\/International\/wp-json\/wp\/v2\/users\/1740"}],"replies":[{"embeddable":true,"href":"https:\/\/linitiative.ca\/International\/wp-json\/wp\/v2\/comments?post=44756"}],"version-history":[{"count":0,"href":"https:\/\/linitiative.ca\/International\/wp-json\/wp\/v2\/posts\/44756\/revisions"}],"wp:attachment":[{"href":"https:\/\/linitiative.ca\/International\/wp-json\/wp\/v2\/media?parent=44756"}],"wp:term":[{"taxonomy":"category","embeddable":true,"href":"https:\/\/linitiative.ca\/International\/wp-json\/wp\/v2\/categories?post=44756"},{"taxonomy":"post_tag","embeddable":true,"href":"https:\/\/linitiative.ca\/International\/wp-json\/wp\/v2\/tags?post=44756"}],"curies":[{"name":"wp","href":"https:\/\/api.w.org\/{rel}","templated":true}]}}