{"id":44757,"date":"2019-07-06T14:31:00","date_gmt":"2019-07-06T18:31:00","guid":{"rendered":"https:\/\/linitiative.ca\/International\/ports-de-peche-darzew-et-oran-plus-de-6-tonnes-de-dechets-enlevees\/"},"modified":"2019-07-06T14:31:00","modified_gmt":"2019-07-06T18:31:00","slug":"ports-de-peche-darzew-et-oran-plus-de-6-tonnes-de-dechets-enlevees","status":"publish","type":"post","link":"https:\/\/linitiative.ca\/International\/ports-de-peche-darzew-et-oran-plus-de-6-tonnes-de-dechets-enlevees\/","title":{"rendered":"PORTS DE PECHE D&rsquo;ARZEW ET ORAN : Plus de 6 tonnes  de d\u00e9chets enlev\u00e9es"},"content":{"rendered":"<p><br id=\"sep_para_1\" class=\"sep_para access\"\/><\/p>\n<div id=\"para_1\" class=\"para_32033107 resize\">\n<div class=\"texte access firstletter\">Dans le cadre de l\u2019op\u00e9ration \u00abPorts et barrages bleus\u00bb,\u00a0 plus de 3,5 tonnes de d\u00e9chets ont \u00e9t\u00e9 enlev\u00e9es du port de p\u00eache d\u2019Arzew, dont trois tonnes du fond du bassin du port et 5 q \u00e0 la surface du bassin. En outre, plus de 2 tonnes de d\u00e9chets ont \u00e9t\u00e9 collect\u00e9es au port d\u2019Oran, dont 1,8 t du fond du bassin et 2,50 q \u00e0 la surface, ainsi qu\u2019une tonne de d\u00e9chets \u00e0 l\u2019abri de p\u00eache de Kristel\u00bb, a indiqu\u00e9 le responsable. Plac\u00e9e sous l\u2019\u00e9gide du minist\u00e8re de la P\u00eache et des Ressources halieutiques, l\u2019op\u00e9ration a connu plusieurs activit\u00e9s, dont une campagne de nettoiement des fonds marins dans les deux ports d\u2019Arzew et Oran, r\u00e9alis\u00e9e par plusieurs groupes de plongeurs du mouvement associatif, second\u00e9s par les \u00e9l\u00e9ments de la Protection civile, afin d\u2019assurer toute la s\u00e9curit\u00e9 n\u00e9cessaire. Une op\u00e9ration similaire s\u2019est d\u00e9roul\u00e9e \u00e0 l\u2019abri de p\u00eache de Kristel, avec la participation de plongeurs de plusieurs associations ainsi que de la Protection civile, la brigade de l\u2019environnement de la Gendarmerie nationale, l\u2019EGPP d\u2019Arzew, les scouts marins et l\u2019Institut technologique de la p\u00eache, entre autres. L\u2019op\u00e9ration a consist\u00e9 non seulement \u00e0 nettoyer les fonds marins, mais \u00e9galement la surface du bassin, les quais et les environs imm\u00e9diats de l\u2019abri de p\u00eache et des autres ports de p\u00eache. L\u2019op\u00e9ration \u00abPorts bleus\u00bb est une sorte de \u00abportes ouvertes\u00bb sur les ports de p\u00eache, les diff\u00e9rents m\u00e9tiers de la p\u00eache et les diff\u00e9rents intervenants li\u00e9s au monde de la p\u00eache.<\/div>\n<\/div>\n<p>Auteur: Medjadji H.<br \/>\n<a href=\"https:\/\/www.reflexiondz.net\/PORTS-DE-PECHE-D-ARZEW-ET-ORAN-Plus-de-6-tonnes-de-dechets-enlevees_a56424.html\">Cliquez ici pour lire l&rsquo;article depuis sa source.<\/a><\/p>\n","protected":false},"excerpt":{"rendered":"<p>Dans le cadre de l\u2019op\u00e9ration \u00abPorts et barrages bleus\u00bb,\u00a0 plus de 3,5 tonnes de d\u00e9chets ont \u00e9t\u00e9 enlev\u00e9es du port de p\u00eache d\u2019Arzew, dont trois tonnes du fond du bassin du port et 5 q \u00e0 la surface du bassin. En outre, plus de 2 tonnes de d\u00e9chets ont \u00e9t\u00e9 collect\u00e9es au port d\u2019Oran, dont [&hellip;]<\/p>\n","protected":false},"author":1740,"featured_media":0,"comment_status":"closed","ping_status":"closed","sticky":false,"template":"","format":"standard","meta":{"fifu_image_url":"","fifu_image_alt":"","footnotes":""},"categories":[53,76],"tags":[],"class_list":["post-44757","post","type-post","status-publish","format-standard","hentry","category-algerie","category-regions"],"_links":{"self":[{"href":"https:\/\/linitiative.ca\/International\/wp-json\/wp\/v2\/posts\/44757","targetHints":{"allow":["GET"]}}],"collection":[{"href":"https:\/\/linitiative.ca\/International\/wp-json\/wp\/v2\/posts"}],"about":[{"href":"https:\/\/linitiative.ca\/International\/wp-json\/wp\/v2\/types\/post"}],"author":[{"embeddable":true,"href":"https:\/\/linitiative.ca\/International\/wp-json\/wp\/v2\/users\/1740"}],"replies":[{"embeddable":true,"href":"https:\/\/linitiative.ca\/International\/wp-json\/wp\/v2\/comments?post=44757"}],"version-history":[{"count":0,"href":"https:\/\/linitiative.ca\/International\/wp-json\/wp\/v2\/posts\/44757\/revisions"}],"wp:attachment":[{"href":"https:\/\/linitiative.ca\/International\/wp-json\/wp\/v2\/media?parent=44757"}],"wp:term":[{"taxonomy":"category","embeddable":true,"href":"https:\/\/linitiative.ca\/International\/wp-json\/wp\/v2\/categories?post=44757"},{"taxonomy":"post_tag","embeddable":true,"href":"https:\/\/linitiative.ca\/International\/wp-json\/wp\/v2\/tags?post=44757"}],"curies":[{"name":"wp","href":"https:\/\/api.w.org\/{rel}","templated":true}]}}