{"id":44758,"date":"2019-07-06T14:31:00","date_gmt":"2019-07-06T18:31:00","guid":{"rendered":"https:\/\/linitiative.ca\/International\/forte-densite-de-la-circulation-automobile-la-corniche-oranaise-etouffe-sous-le-flux-des-vehicules\/"},"modified":"2019-07-06T14:31:00","modified_gmt":"2019-07-06T18:31:00","slug":"forte-densite-de-la-circulation-automobile-la-corniche-oranaise-etouffe-sous-le-flux-des-vehicules","status":"publish","type":"post","link":"https:\/\/linitiative.ca\/International\/forte-densite-de-la-circulation-automobile-la-corniche-oranaise-etouffe-sous-le-flux-des-vehicules\/","title":{"rendered":"FORTE DENSITE DE LA CIRCULATION AUTOMOBILE : La corniche oranaise \u00e9touffe sous le flux des v\u00e9hicules"},"content":{"rendered":"<p><br id=\"sep_para_1\" class=\"sep_para access\"\/><\/p>\n<div id=\"para_1\" class=\"para_32033100 resize\">\n<div class=\"texte access firstletter\">En ce d\u00e9but du mois de juillet, Oran suffoque sous la chaleur moite et se tourne de plus en plus vers la mer. Depuis, les axes routiers menant vers les rivages ne d\u00e9semplissent pas de jour comme de nuit, depuis le lancement de la saison\u00a0 estivale. La ville baln\u00e9aire et touristique d\u2019Ain Turk, reste la plus cibl\u00e9e par ce trafic routier, elle\u00a0 conna\u00eet une circulation automobile intense, qui se distingue d\u00e9j\u00e0 par de longs embouteillages. Elle est travers\u00e9e par la RN, une route tr\u00e8s dense, un vrai calvaire pour les usagers. Le parc automobile est assez important, \u00abd\u00e9filant\u00bb presque sans cesse durant cette p\u00e9riode de vacances ! N\u00e9anmoins, au-del\u00e0 de ce constat, il est \u00e0 d\u00e9plorer certains comportements condamnables de la part des automobilistes qui ne se soucient gu\u00e8re du code de la route. L\u2019exc\u00e8s de vitesse des automobilistes est \u00e0 d\u00e9plorer. D\u00e8s qu\u2019ils constatent qu\u2019il y a un peu d\u2019espace devant eux, ils appuient sur le champignon et terrorisent les pi\u00e9tons ! Ces actes irresponsables sont l\u00e9gions surtout aux Quatre-Chemins de la ville, \u00e0 la jonction entre la RN de Mers El Kebir et le pont de la d\u00e9viation via AinTurk, les andalouses .En effet, c\u2019est au niveau de cette intersection tr\u00e8s anim\u00e9e au demeurant que les entorses au code de la route sont les plus constat\u00e9es. A cet endroit pr\u00e9cis, o\u00f9 il y a un rond-point, o\u00f9 les automobilistes usent et abusent de vitesse jusqu\u2019\u00e0 interloquer et d\u00e9semparer les passants, qui doivent faire preuve de beaucoup de vigilance afin de traverser la route sans risque d\u2019\u00eatre renvers\u00e9s. Les enfants, les femmes et les personnes \u00e2g\u00e9es sont les plus vuln\u00e9rables devant cette situation dangereuse. Dans le m\u00eame contexte, il a \u00e9t\u00e9 relev\u00e9 une m\u00e9prise et une ignorance des r\u00e8gles de conduite, o\u00f9 la priorit\u00e9 n\u2019est qu\u2019un vain mot dans ce carrefour. Les automobilistes ne respectent plus la priorit\u00e9, qui est toujours \u00e0 droite, sauf dans le cas d\u2019un rond-point, o\u00f9 elle est \u00e0 gauche. Mais les automobilistes n\u2019en ont cure et c\u2019est le plus fort et le plus t\u00eatu, qui passe en premier. Par ailleurs, les habitants de la ville d\u00e9plorent l\u2019absence des agents de l\u2019ordre, afin de d\u00e9m\u00ealer l\u2019\u00e9cheveau surtout au niveau des Quatre-Chemins de la p\u00eacherie, l&rsquo;axe d&rsquo;entr\u00e9e au pont de Mont de Cristo.<\/div>\n<\/div>\n<p>Auteur: Habib Medjadji<br \/>\n<a href=\"https:\/\/www.reflexiondz.net\/FORTE-DENSITE-DE-LA-CIRCULATION-AUTOMOBILE-La-corniche-oranaise-etouffe-sous-le-flux-des-vehicules_a56422.html\">Cliquez ici pour lire l&rsquo;article depuis sa source.<\/a><\/p>\n","protected":false},"excerpt":{"rendered":"<p>En ce d\u00e9but du mois de juillet, Oran suffoque sous la chaleur moite et se tourne de plus en plus vers la mer. Depuis, les axes routiers menant vers les rivages ne d\u00e9semplissent pas de jour comme de nuit, depuis le lancement de la saison\u00a0 estivale. La ville baln\u00e9aire et touristique d\u2019Ain Turk, reste la [&hellip;]<\/p>\n","protected":false},"author":1740,"featured_media":0,"comment_status":"closed","ping_status":"closed","sticky":false,"template":"","format":"standard","meta":{"fifu_image_url":"","fifu_image_alt":"","footnotes":""},"categories":[53,76],"tags":[],"class_list":["post-44758","post","type-post","status-publish","format-standard","hentry","category-algerie","category-regions"],"_links":{"self":[{"href":"https:\/\/linitiative.ca\/International\/wp-json\/wp\/v2\/posts\/44758","targetHints":{"allow":["GET"]}}],"collection":[{"href":"https:\/\/linitiative.ca\/International\/wp-json\/wp\/v2\/posts"}],"about":[{"href":"https:\/\/linitiative.ca\/International\/wp-json\/wp\/v2\/types\/post"}],"author":[{"embeddable":true,"href":"https:\/\/linitiative.ca\/International\/wp-json\/wp\/v2\/users\/1740"}],"replies":[{"embeddable":true,"href":"https:\/\/linitiative.ca\/International\/wp-json\/wp\/v2\/comments?post=44758"}],"version-history":[{"count":0,"href":"https:\/\/linitiative.ca\/International\/wp-json\/wp\/v2\/posts\/44758\/revisions"}],"wp:attachment":[{"href":"https:\/\/linitiative.ca\/International\/wp-json\/wp\/v2\/media?parent=44758"}],"wp:term":[{"taxonomy":"category","embeddable":true,"href":"https:\/\/linitiative.ca\/International\/wp-json\/wp\/v2\/categories?post=44758"},{"taxonomy":"post_tag","embeddable":true,"href":"https:\/\/linitiative.ca\/International\/wp-json\/wp\/v2\/tags?post=44758"}],"curies":[{"name":"wp","href":"https:\/\/api.w.org\/{rel}","templated":true}]}}