{"id":44759,"date":"2019-07-06T14:48:00","date_gmt":"2019-07-06T18:48:00","guid":{"rendered":"https:\/\/linitiative.ca\/International\/les-moudjahidine-portent-plainte-contre-naima-salhi\/"},"modified":"2019-07-06T14:48:00","modified_gmt":"2019-07-06T18:48:00","slug":"les-moudjahidine-portent-plainte-contre-naima-salhi","status":"publish","type":"post","link":"https:\/\/linitiative.ca\/International\/les-moudjahidine-portent-plainte-contre-naima-salhi\/","title":{"rendered":"Les moudjahidine portent  plainte contre Naima Salhi"},"content":{"rendered":"<p><br id=\"sep_para_1\" class=\"sep_para access\"\/><\/p>\n<div id=\"para_1\" class=\"para_32033166 resize\">\n<div class=\"texte access firstletter\">Interrog\u00e9 sur la campagne de d\u00e9nigrement visant des ic\u00f4nes de la guerre de lib\u00e9ration, l\u2019ancien maquisard et combattant de la wilaya IV historique, Mr Dahlouk Ali, a dit s\u2019attendre au pire ! Concernant la campagne de d\u00e9nigrement et d\u2019accusation men\u00e9e par la d\u00e9put\u00e9e Na\u00efma Salhi \u00e0 l\u2019encontre la Moudjahida Djamila Bouhired, Mr. Dahlouk a fait savoir qu\u2019une plainte va \u00eatre introduite par l\u2019Organisation Nationale des Moudjahidine (ONM), dont il est secr\u00e9taire national.<\/div>\n<\/div>\n<p>Auteur: R\u00e9flexion<br \/>\n<a href=\"https:\/\/www.reflexiondz.net\/Les-moudjahidine-portent-plainte-contre-Naima-Salhi_a56438.html\">Cliquez ici pour lire l&rsquo;article depuis sa source.<\/a><\/p>\n","protected":false},"excerpt":{"rendered":"<p>Interrog\u00e9 sur la campagne de d\u00e9nigrement visant des ic\u00f4nes de la guerre de lib\u00e9ration, l\u2019ancien maquisard et combattant de la wilaya IV historique, Mr Dahlouk Ali, a dit s\u2019attendre au pire ! Concernant la campagne de d\u00e9nigrement et d\u2019accusation men\u00e9e par la d\u00e9put\u00e9e Na\u00efma Salhi \u00e0 l\u2019encontre la Moudjahida Djamila Bouhired, Mr. Dahlouk a fait [&hellip;]<\/p>\n","protected":false},"author":1740,"featured_media":0,"comment_status":"closed","ping_status":"closed","sticky":false,"template":"","format":"standard","meta":{"fifu_image_url":"","fifu_image_alt":"","footnotes":""},"categories":[53,76],"tags":[],"class_list":["post-44759","post","type-post","status-publish","format-standard","hentry","category-algerie","category-regions"],"_links":{"self":[{"href":"https:\/\/linitiative.ca\/International\/wp-json\/wp\/v2\/posts\/44759","targetHints":{"allow":["GET"]}}],"collection":[{"href":"https:\/\/linitiative.ca\/International\/wp-json\/wp\/v2\/posts"}],"about":[{"href":"https:\/\/linitiative.ca\/International\/wp-json\/wp\/v2\/types\/post"}],"author":[{"embeddable":true,"href":"https:\/\/linitiative.ca\/International\/wp-json\/wp\/v2\/users\/1740"}],"replies":[{"embeddable":true,"href":"https:\/\/linitiative.ca\/International\/wp-json\/wp\/v2\/comments?post=44759"}],"version-history":[{"count":0,"href":"https:\/\/linitiative.ca\/International\/wp-json\/wp\/v2\/posts\/44759\/revisions"}],"wp:attachment":[{"href":"https:\/\/linitiative.ca\/International\/wp-json\/wp\/v2\/media?parent=44759"}],"wp:term":[{"taxonomy":"category","embeddable":true,"href":"https:\/\/linitiative.ca\/International\/wp-json\/wp\/v2\/categories?post=44759"},{"taxonomy":"post_tag","embeddable":true,"href":"https:\/\/linitiative.ca\/International\/wp-json\/wp\/v2\/tags?post=44759"}],"curies":[{"name":"wp","href":"https:\/\/api.w.org\/{rel}","templated":true}]}}