{"id":44761,"date":"2019-07-06T14:48:00","date_gmt":"2019-07-06T18:48:00","guid":{"rendered":"https:\/\/linitiative.ca\/International\/la-purge-continue-le-dg-de-lanem-limoge\/"},"modified":"2019-07-06T14:48:00","modified_gmt":"2019-07-06T18:48:00","slug":"la-purge-continue-le-dg-de-lanem-limoge","status":"publish","type":"post","link":"https:\/\/linitiative.ca\/International\/la-purge-continue-le-dg-de-lanem-limoge\/","title":{"rendered":"LA PURGE CONTINUE : Le DG de l\u2019Anem limog\u00e9"},"content":{"rendered":"<p><br id=\"sep_para_1\" class=\"sep_para access\"\/><\/p>\n<div id=\"para_1\" class=\"para_32033164 resize\">\n<div class=\"texte access firstletter\">Le limogeage de Moad Bouchareb a d\u00e9j\u00e0 provoqu\u00e9 ses premiers d\u00e9g\u00e2ts collat\u00e9raux. En effet, quelques heures seulement apr\u00e8s le d\u00e9part de Bouchareb du perchoir de l\u2019APN, le directeur g\u00e9n\u00e9ral de l\u2019Anem, Zeghadi Ahmed a \u00e9t\u00e9 d\u00e9mis de ses fonctions, a rapport\u00e9 express-dz. Le DG de l\u2019Anem aurait d\u00e9croch\u00e9 son poste gr\u00e2ce \u00e0 l\u2019intervention de Bouchareb qui l\u2019aurait propuls\u00e9 \u00e0 la t\u00eate de l\u2019Agence en novembre dernier. Sauf que le DG, pour \u00ab incomp\u00e9tence \u00bb n\u2019a pas pu survivre \u00e0 la d\u2019\u00e9ch\u00e9ance de Bouchareb. Selon une source tr\u00e8s proche du dossier, la direction g\u00e9n\u00e9rale de l\u2019Anem n\u2019a pas r\u00e9pondu aux attentes des autorit\u00e9s. Faute de quoi, la tutelle attendait depuis plusieurs semaines l\u2019occasion pour signifier \u00e0 M. Zeghadi son intention de se s\u00e9parer de lui pour mauvais r\u00e9sultats.\u00a0\u00a0\u00a0\u00a0\u00a0\u00a0\u00a0\u00a0\u00a0\u00a0\u00a0\u00a0\u00a0\u00a0\u00a0\u00a0<\/div>\n<\/div>\n<p>Auteur: Nadine<br \/>\n<a href=\"https:\/\/www.reflexiondz.net\/LA-PURGE-CONTINUE-Le-DG-de-l-Anem-limoge_a56436.html\">Cliquez ici pour lire l&rsquo;article depuis sa source.<\/a><\/p>\n","protected":false},"excerpt":{"rendered":"<p>Le limogeage de Moad Bouchareb a d\u00e9j\u00e0 provoqu\u00e9 ses premiers d\u00e9g\u00e2ts collat\u00e9raux. En effet, quelques heures seulement apr\u00e8s le d\u00e9part de Bouchareb du perchoir de l\u2019APN, le directeur g\u00e9n\u00e9ral de l\u2019Anem, Zeghadi Ahmed a \u00e9t\u00e9 d\u00e9mis de ses fonctions, a rapport\u00e9 express-dz. Le DG de l\u2019Anem aurait d\u00e9croch\u00e9 son poste gr\u00e2ce \u00e0 l\u2019intervention de Bouchareb [&hellip;]<\/p>\n","protected":false},"author":1740,"featured_media":0,"comment_status":"closed","ping_status":"closed","sticky":false,"template":"","format":"standard","meta":{"fifu_image_url":"","fifu_image_alt":"","footnotes":""},"categories":[53,76],"tags":[],"class_list":["post-44761","post","type-post","status-publish","format-standard","hentry","category-algerie","category-regions"],"_links":{"self":[{"href":"https:\/\/linitiative.ca\/International\/wp-json\/wp\/v2\/posts\/44761","targetHints":{"allow":["GET"]}}],"collection":[{"href":"https:\/\/linitiative.ca\/International\/wp-json\/wp\/v2\/posts"}],"about":[{"href":"https:\/\/linitiative.ca\/International\/wp-json\/wp\/v2\/types\/post"}],"author":[{"embeddable":true,"href":"https:\/\/linitiative.ca\/International\/wp-json\/wp\/v2\/users\/1740"}],"replies":[{"embeddable":true,"href":"https:\/\/linitiative.ca\/International\/wp-json\/wp\/v2\/comments?post=44761"}],"version-history":[{"count":0,"href":"https:\/\/linitiative.ca\/International\/wp-json\/wp\/v2\/posts\/44761\/revisions"}],"wp:attachment":[{"href":"https:\/\/linitiative.ca\/International\/wp-json\/wp\/v2\/media?parent=44761"}],"wp:term":[{"taxonomy":"category","embeddable":true,"href":"https:\/\/linitiative.ca\/International\/wp-json\/wp\/v2\/categories?post=44761"},{"taxonomy":"post_tag","embeddable":true,"href":"https:\/\/linitiative.ca\/International\/wp-json\/wp\/v2\/tags?post=44761"}],"curies":[{"name":"wp","href":"https:\/\/api.w.org\/{rel}","templated":true}]}}