{"id":44781,"date":"2019-07-05T17:53:08","date_gmt":"2019-07-05T21:53:08","guid":{"rendered":"https:\/\/linitiative.ca\/International\/can-2019-hakim-ziyech-arrete-laventure-des-lions-de-latlas\/"},"modified":"2019-07-05T17:53:08","modified_gmt":"2019-07-05T21:53:08","slug":"can-2019-hakim-ziyech-arrete-laventure-des-lions-de-latlas","status":"publish","type":"post","link":"https:\/\/linitiative.ca\/International\/can-2019-hakim-ziyech-arrete-laventure-des-lions-de-latlas\/","title":{"rendered":"CAN 2019 : Hakim Ziyech arr\u00eate l\u2019aventure des lions de l\u2019Atlas"},"content":{"rendered":"<p><strong>Attendu dans cette CAN pour prouver qu\u2019il est le chef de meute des Lions de l\u2019Atlas, Hakim Ziyech n\u2019a pas r\u00e9pondu aux attentes lors des trois derniers matchs de la s\u00e9lection nationale en phase de poules de la CAN 2019.<\/strong><\/p>\n<div class=\"c10\"\/>\n<p>Comme lors des matchs pr\u00e9c\u00e9dents, la star de l\u2019Ajax Amsterdam avec un manque d\u2019efficacit\u00e9 a du mal \u00e0 exister dans les premi\u00e8res minutes de la rencontre. Apr\u00e8s le premier quart d\u2019heure, le joueur de l\u2019Ajax commence \u00e0 se d\u00e9placer un peu partout pour chercher le ballon, apportant m\u00eame souvent de l\u2019aide \u00e0 ses d\u00e9fenseurs. A la 27e minute, il tente une frappe qui ne passe pas tr\u00e8s loin des cages du portier b\u00e9ninois, Allagb\u00e9. Mais ses tentatives directes manquent de pr\u00e9cision!\u00a0 Une autre d\u00e9ception couronn\u00e9e par un penalty rat\u00e9 \u00e0 la derni\u00e8re minute du match contre le B\u00e9nin. Un but qui aurait pu changer le parcours des Lions de l\u2019Atlas pendant la CAN.<\/p>\n<blockquote class=\"instagram-media c38\" data-instgrm-captioned=\"\" data-instgrm-permalink=\"https:\/\/www.instagram.com\/p\/Bzi23VjFbdl\/\" data-instgrm-version=\"12\">\n<\/blockquote>\n<p>C\u2019est une comp\u00e9tition \u00e0 oublier pour le maroco-n\u00e9erlandais. Rien ne lui a r\u00e9ussi durant les quatre matchs qu\u2019il a disput\u00e9s avec les Lions de l\u2019Atlas. Ziyech lui faudra donc sans doute tr\u00e8s longtemps pour reconqu\u00e9rir le coeur des Marocains, lui qui, depuis le d\u00e9but de son aventure avec la s\u00e9lection nationale, a tout de m\u00eame marqu\u00e9 14 buts en 24 matchs.<\/p>\n<p>A noter que cette \u00e9limination pr\u00e9matur\u00e9e de la CAN pourrait avoir un impact n\u00e9gatif sur son transfert. Donn\u00e9 partant de l\u2019Ajax Amsterdam, Hakim Ziyech pourrait finalement y rester encore cette ann\u00e9e, surtout si les clubs int\u00e9ress\u00e9s prennent en compte le parcours du Maroc \u00e0 la CAN 2019 et la prestation du joueur et son fort caract\u00e8re.<\/p>\n<div class=\"c45\">\n<fieldset class=\"c44\">\n<legend><strong><span class=\"c39\">Challenge<\/span><span class=\"c40\">news<\/span><\/strong><\/legend>\n<div class=\"c43\">Le meilleur de la r\u00e9daction s\u00e9lectionn\u00e9 par Challenge :<\/p>\n<\/div>\n<\/fieldset>\n<\/div>\n<p>Auteur: Hajar DARI<br \/>\n<a href=\"https:\/\/www.challenge.ma\/can-2019-hakim-ziyech-stop-laventure-des-lions-de-latlas-112254\/\">Cliquez ici pour lire l&rsquo;article depuis sa source.<\/a><\/p>\n","protected":false},"excerpt":{"rendered":"<p>Attendu dans cette CAN pour prouver qu\u2019il est le chef de meute des Lions de l\u2019Atlas, Hakim Ziyech n\u2019a pas r\u00e9pondu aux attentes lors des trois derniers matchs de la s\u00e9lection nationale en phase de poules de la CAN 2019. Comme lors des matchs pr\u00e9c\u00e9dents, la star de l\u2019Ajax Amsterdam avec un manque d\u2019efficacit\u00e9 a [&hellip;]<\/p>\n","protected":false},"author":1787,"featured_media":0,"comment_status":"closed","ping_status":"closed","sticky":false,"template":"","format":"standard","meta":{"fifu_image_url":"","fifu_image_alt":"","footnotes":""},"categories":[78,54],"tags":[],"class_list":["post-44781","post","type-post","status-publish","format-standard","hentry","category-economie","category-maroc"],"_links":{"self":[{"href":"https:\/\/linitiative.ca\/International\/wp-json\/wp\/v2\/posts\/44781","targetHints":{"allow":["GET"]}}],"collection":[{"href":"https:\/\/linitiative.ca\/International\/wp-json\/wp\/v2\/posts"}],"about":[{"href":"https:\/\/linitiative.ca\/International\/wp-json\/wp\/v2\/types\/post"}],"author":[{"embeddable":true,"href":"https:\/\/linitiative.ca\/International\/wp-json\/wp\/v2\/users\/1787"}],"replies":[{"embeddable":true,"href":"https:\/\/linitiative.ca\/International\/wp-json\/wp\/v2\/comments?post=44781"}],"version-history":[{"count":0,"href":"https:\/\/linitiative.ca\/International\/wp-json\/wp\/v2\/posts\/44781\/revisions"}],"wp:attachment":[{"href":"https:\/\/linitiative.ca\/International\/wp-json\/wp\/v2\/media?parent=44781"}],"wp:term":[{"taxonomy":"category","embeddable":true,"href":"https:\/\/linitiative.ca\/International\/wp-json\/wp\/v2\/categories?post=44781"},{"taxonomy":"post_tag","embeddable":true,"href":"https:\/\/linitiative.ca\/International\/wp-json\/wp\/v2\/tags?post=44781"}],"curies":[{"name":"wp","href":"https:\/\/api.w.org\/{rel}","templated":true}]}}