{"id":44782,"date":"2019-07-06T03:28:25","date_gmt":"2019-07-06T07:28:25","guid":{"rendered":"https:\/\/linitiative.ca\/International\/le-pam-un-echec-programme\/"},"modified":"2019-07-06T03:28:25","modified_gmt":"2019-07-06T07:28:25","slug":"le-pam-un-echec-programme","status":"publish","type":"post","link":"https:\/\/linitiative.ca\/International\/le-pam-un-echec-programme\/","title":{"rendered":"Le PAM : un \u00e9chec programm\u00e9"},"content":{"rendered":"<p class=\"p1\"><strong>Les luttes de clans ont atteint un niveau tel que la scission est in\u00e9vitable au sein du Parti authenticit\u00e9 et modernit\u00e9 (PAM). Ce parti \u00e9tait construit autour d\u2019un leurre.\u00a0<\/strong><\/p>\n<div class=\"c10\"\/>\n<p class=\"p1\"><span class=\"s1\">Exc<\/span>lusions r\u00e9ciproques, menaces de proc\u00e8s, accusations de d\u00e9tournements, les protagonistes de la crise du PAM ne se sont fix\u00e9s aucune limite. Tout repl\u00e2trage para\u00eet impossible, la <strong>scission<\/strong> est act\u00e9e, quelle que soit la partie gagnante. Elle pourrait m\u00eame avoir lieu avant le congr\u00e8s pr\u00e9vu en octobre. Il est futile de rechercher les divergences d\u2019id\u00e9es dans ce conflit peu civilis\u00e9. Ce ne sont que des coalitions d\u2019int\u00e9r\u00eats qui s\u2019entrechoquent depuis le d\u00e9part d\u2019El Omari.<\/p>\n<p class=\"p2\"><span class=\"s1\">Le <strong>PAM<\/strong> est vici\u00e9 d\u00e8s la naissance. Le mouvement pour tous les d\u00e9mocrates avait r\u00e9uni des personnalit\u00e9s diff\u00e9rentes autour d\u2019une plateforme qu\u2019on peut qualifier de moderniste. Le passage au parti n\u2019a surpris personne. La plateforme n\u00e9cessitait un bras politique. La mani\u00e8re de le faire n\u2019avait rien \u00e0 voir avec le contenu de la plateforme. R\u00e9unir des intellectuels et des notables sous la m\u00eame banni\u00e8re ne pouvait tenir que si un parrain externe r\u00e9gissait le parti. Cela rappelait le FDIC, le Front dirig\u00e9 par <strong>R\u00e9da Guedira<\/strong> en son temps et qui n\u2019a dur\u00e9 que le temps d\u2019une \u00e9lection. Seulement, le Maroc avait des acquis qui ne correspondent pas \u00e0 la situation de 1963. Les \u00e9lections partielles vont d\u00e9montrer avec les \u00e9checs retentissants de Habib Belkouch et Salah El Ouadie, que la force \u00e9lectorale reste les notables. Ils affluent en masse et donnent au PAM le contr\u00f4le de plusieurs municipalit\u00e9s. Le PAM se pr\u00e9sente comme le barrage aux islamistes et grappille des voix au sein de couches sociales se disant modernistes, m\u00eame si le jeu d\u00e9mocratique est un peu \u00e9gratign\u00e9.<\/span><\/p>\n<h2>\u00ab\u00a0<span class=\"s1\">R\u00e9unir des intellectuels et des notables sous la m\u00eame banni\u00e8re ne pouvait tenir que si un parrain externe r\u00e9gissait le parti\u00a0\u00bb<\/span><\/h2>\n<p class=\"p2\"><span class=\"s1\">Le printemps arabe a chamboul\u00e9 la donne. Le discours du 09 mars 2011 a \u00e9t\u00e9 interpr\u00e9t\u00e9 comme un nouveau contrat d\u00e9mocratique. Le PJD en a profit\u00e9. Le PAM pensait gagner les l\u00e9gislatives de 2017, gr\u00e2ce au clivage. C\u2019est l\u2019inverse qui s\u2019est produit, des voix modernistes se sont port\u00e9es sur les Islamistes en d\u00e9fense de la d\u00e9mocratie. Le discours de Benkirane sur le \u00ab <strong>Tahakkoum<\/strong> \u00bb a port\u00e9.<\/span><\/p>\n<p class=\"p2\"><span class=\"s1\">Les convulsions actuelles ont leur origine dans cette d\u00e9faite. Mais elles ne sont que le r\u00e9sultat des contradictions originelles. Le parti attrape-tout n\u2019est viable que dans la configuration d\u2019une intervention externe. Or, celle-ci est en contradiction avec la construction d\u00e9mocratique.<\/span><\/p>\n<p>Lire aussi :\u00a0<a href=\"https:\/\/www.challenge.ma\/el-khalfi-aux-deputes-pam-vous-etiez-tout-pres-de-causer-un-crime-contre-lenvironnement-100498\/\" target=\"_blank\" rel=\"noopener noreferrer\">El Khalfi aux d\u00e9put\u00e9s PAM : \u00ab Vous \u00e9tiez tout pr\u00e8s de causer une catastrophe environnementale \u00bb<\/a><\/p>\n<p class=\"p2\"><span class=\"s1\">On peut dire que la construction a \u00e9t\u00e9 retard\u00e9e par la cr\u00e9ation du PAM, parce qu\u2019elle a r\u00e9duit les anciens partis, non pas au nom de pratiques nouvelles, mais juste en leur piquant les notables. Mais surtout le clivage factice avec le <strong>PJD<\/strong>, a fait de celui-ci un \u00e9tendard de la d\u00e9mocratisation. Cela a emp\u00each\u00e9 le d\u00e9bat sur le bilan de Benkirane qui n\u2019est pas reluisant. Le r\u00e9sultat, c\u2019est que les deux partis ont r\u00e9alis\u00e9 un grand score, mais que la vie politique en sort tr\u00e8s affaiblie et les institutions d\u00e9cr\u00e9dibilis\u00e9es.<\/span><\/p>\n<p class=\"p2\"><span class=\"s1\">Le sort du PAM n\u2019int\u00e9resse en rien les d\u00e9mocrates. L\u2019illusion du barrage aux islamistes est tomb\u00e9e lors des derni\u00e8res l\u00e9gislatives. Le combat id\u00e9ologique ne peut pas passer par le biais de notables douteux. La cr\u00e9ation de ce parti \u00e9tait une v\u00e9ritable erreur conceptuelle. Les faits le d\u00e9montrent.\u00a0<\/span><\/p>\n<div class=\"c17\">\n<fieldset class=\"c16\">\n<legend><strong><span class=\"c11\">Challenge<\/span><span class=\"c12\">news<\/span><\/strong><\/legend>\n<div class=\"c15\">Le meilleur de la r\u00e9daction s\u00e9lectionn\u00e9 par Challenge :<\/p>\n<\/div>\n<\/fieldset>\n<\/div>\n<p>Auteur: Jamal Berraoui<br \/>\n<a href=\"https:\/\/www.challenge.ma\/le-pam-un-echec-programme-112235\/\">Cliquez ici pour lire l&rsquo;article depuis sa source.<\/a><\/p>\n","protected":false},"excerpt":{"rendered":"<p>Les luttes de clans ont atteint un niveau tel que la scission est in\u00e9vitable au sein du Parti authenticit\u00e9 et modernit\u00e9 (PAM). Ce parti \u00e9tait construit autour d\u2019un leurre.\u00a0 Exclusions r\u00e9ciproques, menaces de proc\u00e8s, accusations de d\u00e9tournements, les protagonistes de la crise du PAM ne se sont fix\u00e9s aucune limite. Tout repl\u00e2trage para\u00eet impossible, la [&hellip;]<\/p>\n","protected":false},"author":1787,"featured_media":0,"comment_status":"closed","ping_status":"closed","sticky":false,"template":"","format":"standard","meta":{"fifu_image_url":"","fifu_image_alt":"","footnotes":""},"categories":[78,54],"tags":[],"class_list":["post-44782","post","type-post","status-publish","format-standard","hentry","category-economie","category-maroc"],"_links":{"self":[{"href":"https:\/\/linitiative.ca\/International\/wp-json\/wp\/v2\/posts\/44782","targetHints":{"allow":["GET"]}}],"collection":[{"href":"https:\/\/linitiative.ca\/International\/wp-json\/wp\/v2\/posts"}],"about":[{"href":"https:\/\/linitiative.ca\/International\/wp-json\/wp\/v2\/types\/post"}],"author":[{"embeddable":true,"href":"https:\/\/linitiative.ca\/International\/wp-json\/wp\/v2\/users\/1787"}],"replies":[{"embeddable":true,"href":"https:\/\/linitiative.ca\/International\/wp-json\/wp\/v2\/comments?post=44782"}],"version-history":[{"count":0,"href":"https:\/\/linitiative.ca\/International\/wp-json\/wp\/v2\/posts\/44782\/revisions"}],"wp:attachment":[{"href":"https:\/\/linitiative.ca\/International\/wp-json\/wp\/v2\/media?parent=44782"}],"wp:term":[{"taxonomy":"category","embeddable":true,"href":"https:\/\/linitiative.ca\/International\/wp-json\/wp\/v2\/categories?post=44782"},{"taxonomy":"post_tag","embeddable":true,"href":"https:\/\/linitiative.ca\/International\/wp-json\/wp\/v2\/tags?post=44782"}],"curies":[{"name":"wp","href":"https:\/\/api.w.org\/{rel}","templated":true}]}}