{"id":44794,"date":"2019-07-06T11:54:07","date_gmt":"2019-07-06T15:54:07","guid":{"rendered":"https:\/\/linitiative.ca\/International\/trump-va-commencer-incessamment-a-expulser-les-etrangers-en-situation-illegale\/"},"modified":"2019-07-06T11:54:07","modified_gmt":"2019-07-06T15:54:07","slug":"trump-va-commencer-incessamment-a-expulser-les-etrangers-en-situation-illegale","status":"publish","type":"post","link":"https:\/\/linitiative.ca\/International\/trump-va-commencer-incessamment-a-expulser-les-etrangers-en-situation-illegale\/","title":{"rendered":"Trump va commencer incessamment \u00e0 expulser les \u00e9trangers en situation ill\u00e9gale"},"content":{"rendered":"<div class=\"post-cont-in left relative\">\n<div class=\"swp_social_panel swp_horizontal_panel swp_flat_fresh swp_default_full_color swp_individual_full_color swp_other_full_color scale-100 scale-\" data-min-width=\"1100\" data-float-color=\"#ffffff\" data-float=\"none\" data-float-mobile=\"none\" data-transition=\"slide\">\n<div class=\"nc_tweetContainer swp_share_button total_shares total_sharesalt\"><span class=\"swp_count\">29 <span class=\"swp_label\">Partages<\/span><\/span><\/div>\n<\/div>\n<p>Le pr\u00e9sident am\u00e9ricain, Donald Trump a annonc\u00e9 qu\u2019il allait d\u00e9marrer, incessamment, une vaste campagne de chasse aux gens entr\u00e9s de fa\u00e7on ill\u00e9gale aux USA, en vue de les\u00a0refouler chez eux. Il a ajout\u00e9 que quelle que soit la p\u00e9riode qu\u2019ils auront pass\u00e9 aux USA, du moment qu\u2019ils y \u00e9taient entr\u00e9s de fa\u00e7on ill\u00e9gale, ils en seront expuls\u00e9s.<\/p>\n<p>A noter que Trump a fait de la lutte contre l\u2019immigration clandestine un th\u00e8me principal de sa campagne \u00e9lectorale. Comme \u00e7\u00e0 a march\u00e9, il a apparemment, l\u2019intention de reprendre le m\u00eame th\u00e8me pour tenter une r\u00e9\u00e9lection\u00a0\u00e0 un deuxi\u00e8me mandat.<\/p>\n<div class=\"code-block code-block-1 c3\"><ins class=\"adsbygoogle c2\" data-ad-layout=\"in-article\" data-ad-format=\"fluid\" data-ad-client=\"ca-pub-2102118777505746\" data-ad-slot=\"7301775417\"\/> <\/div>\n<div class=\"mvp-org-wrap mvp-org-logo\" itemprop=\"publisher\" itemscope=\"\" itemtype=\"https:\/\/schema.org\/Organization\"><img decoding=\"async\" src=\"https:\/\/www.tunisienumerique.com\/wp-content\/uploads\/2017\/02\/logo_tunisie_numerique.png\"\/><\/div>\n<div class=\"swp_social_panel swp_horizontal_panel swp_flat_fresh swp_default_full_color swp_individual_full_color swp_other_full_color scale-100 scale-\" data-min-width=\"1100\" data-float-color=\"#ffffff\" data-float=\"none\" data-float-mobile=\"none\" data-transition=\"slide\">\n<div class=\"nc_tweetContainer swp_share_button total_shares total_sharesalt\"><span class=\"swp_count\">29 <span class=\"swp_label\">Partages<\/span><\/span><\/div>\n<\/div>\n<div class=\"mvp-related-posts left relative\">\n<h4 class=\"post-header\"><span class=\"post-header\">Lire aussi<\/span><\/h4>\n<\/div>\n<\/div>\n<p>Auteur: LM<br \/>\n<a href=\"https:\/\/www.tunisienumerique.com\/trump-va-commencer-incessamment-a-expulser-les-etrangers-en-situation-illegale\/\">Cliquez ici pour lire l&rsquo;article depuis sa source.<\/a><\/p>\n","protected":false},"excerpt":{"rendered":"<p>29 Partages Le pr\u00e9sident am\u00e9ricain, Donald Trump a annonc\u00e9 qu\u2019il allait d\u00e9marrer, incessamment, une vaste campagne de chasse aux gens entr\u00e9s de fa\u00e7on ill\u00e9gale aux USA, en vue de les\u00a0refouler chez eux. Il a ajout\u00e9 que quelle que soit la p\u00e9riode qu\u2019ils auront pass\u00e9 aux USA, du moment qu\u2019ils y \u00e9taient entr\u00e9s de fa\u00e7on ill\u00e9gale, [&hellip;]<\/p>\n","protected":false},"author":1789,"featured_media":44795,"comment_status":"closed","ping_status":"closed","sticky":false,"template":"","format":"standard","meta":{"fifu_image_url":"","fifu_image_alt":"","footnotes":""},"categories":[73,55],"tags":[],"class_list":["post-44794","post","type-post","status-publish","format-standard","has-post-thumbnail","hentry","category-actualite","category-tunisie"],"_links":{"self":[{"href":"https:\/\/linitiative.ca\/International\/wp-json\/wp\/v2\/posts\/44794","targetHints":{"allow":["GET"]}}],"collection":[{"href":"https:\/\/linitiative.ca\/International\/wp-json\/wp\/v2\/posts"}],"about":[{"href":"https:\/\/linitiative.ca\/International\/wp-json\/wp\/v2\/types\/post"}],"author":[{"embeddable":true,"href":"https:\/\/linitiative.ca\/International\/wp-json\/wp\/v2\/users\/1789"}],"replies":[{"embeddable":true,"href":"https:\/\/linitiative.ca\/International\/wp-json\/wp\/v2\/comments?post=44794"}],"version-history":[{"count":0,"href":"https:\/\/linitiative.ca\/International\/wp-json\/wp\/v2\/posts\/44794\/revisions"}],"wp:featuredmedia":[{"embeddable":true,"href":"https:\/\/linitiative.ca\/International\/wp-json\/"}],"wp:attachment":[{"href":"https:\/\/linitiative.ca\/International\/wp-json\/wp\/v2\/media?parent=44794"}],"wp:term":[{"taxonomy":"category","embeddable":true,"href":"https:\/\/linitiative.ca\/International\/wp-json\/wp\/v2\/categories?post=44794"},{"taxonomy":"post_tag","embeddable":true,"href":"https:\/\/linitiative.ca\/International\/wp-json\/wp\/v2\/tags?post=44794"}],"curies":[{"name":"wp","href":"https:\/\/api.w.org\/{rel}","templated":true}]}}